{"id":361,"count":4,"description":"Des de l\u2019any 2017 el Consorci d\u2019Educaci\u00f3 de Barcelon\r\n<p style=\"font-family: 'Helvetica Neue', Helvetica, Helvetica, Arial, sans-serif; font-size: 16px;\">a ha liderat el programa Xarxes per al Canvi amb l\u2019objectiu de contribuir a l'impuls de la transformaci\u00f3 educativa de la ciutat.<\/p>\r\nLa finalitat \u00e9s avan\u00e7ar cap un\r\n\r\nsistema educatiu equitatiu i de qualitat. Les xarxes com a context d\u2019aprenentatge professional i entre iguals s\u00f3n una estrat\u00e8gia per impulsar aquesta orientaci\u00f3 al canvi dels centres de Barcelona. L\u2019acci\u00f3 de les xarxes es basa en la reflexi\u00f3 profunda sobre les\r\n\r\n<span style=\"font-family: inherit; font-size: 1em;\">\u00a0pr\u00e0ctiques des dels marcs te\u00f2rics de la recerca actualitzada.<\/span>\r\n\r\n<img class=\"aligncenter\" src=\"https:\/\/agora.xtec.cat\/escolaelpolvori\/wp-content\/uploads\/usu2089\/2020\/03\/XARXES-PER-AL-CANVI.png\" alt=\"Xarxes per al canvi | Escola El Polvor\u00ed\" width=\"192\" height=\"109\" \/>\r\n\r\nPer m\u00e9s informaci\u00f3 consulteu aquest <a href=\"https:\/\/www.edubcn.cat\/ca\/suport_educatiu_recursos\/plans_programes\/xarxes_per_al_canvi\">enlla\u00e7<\/a>.\r\n\r\n&nbsp;","link":"https:\/\/serveiseducatius.xtec.cat\/eixample\/categoria\/xxc\/","name":"Xarxes per al canvi","slug":"xxc","taxonomy":"category","parent":0,"meta":[],"_links":{"self":[{"href":"https:\/\/serveiseducatius.xtec.cat\/eixample\/wp-json\/wp\/v2\/categories\/361","targetHints":{"allow":["GET"]}}],"collection":[{"href":"https:\/\/serveiseducatius.xtec.cat\/eixample\/wp-json\/wp\/v2\/categories"}],"about":[{"href":"https:\/\/serveiseducatius.xtec.cat\/eixample\/wp-json\/wp\/v2\/taxonomies\/category"}],"wp:post_type":[{"href":"https:\/\/serveiseducatius.xtec.cat\/eixample\/wp-json\/wp\/v2\/posts?categories=361"}],"curies":[{"name":"wp","href":"https:\/\/api.w.org\/{rel}","templated":true}]}}