{"id":9552,"date":"2024-11-08T08:43:58","date_gmt":"2024-11-08T07:43:58","guid":{"rendered":"https:\/\/serveiseducatius.xtec.cat\/edadelcanigo\/?p=9552"},"modified":"2024-11-11T18:28:23","modified_gmt":"2024-11-11T17:28:23","slug":"collaboracio-amb-el-memorial-democratic","status":"publish","type":"post","link":"https:\/\/serveiseducatius.xtec.cat\/edadelcanigo\/general\/collaboracio-amb-el-memorial-democratic\/","title":{"rendered":"Col\u00b7laboraci\u00f3 amb el Memorial Democr\u00e0tic"},"content":{"rendered":"<p>Els Camps i Entorns d&#8217;Aprenentatge que duem a terme activitats sobre la Guerra Civil, la repressi\u00f3 franquista, l&#8217;exili i la mem\u00f2ria democr\u00e0tica ens v\u00e0rem formalitzar com a grup de treball per trobar sinergies entres nosaltres i afavorir oportunitats did\u00e0ctiques per treballar la mem\u00f2ria democr\u00e0tica en tots els nivells educatius. En el seg\u00fcent enlla\u00e7 podreu trobar m\u00e9s informaci\u00f3: <a href=\"https:\/\/projectes.xtec.cat\/camps\/categoria\/grups-de-treball\/guerra-civil-i-exili\/\" target=\"_blank\" rel=\"noopener\"><strong>GUERRA CIVIL I EXILI. MEM\u00d2RIA DEMOCR\u00c0TICA ALS CdA I EdA<\/strong><\/a><\/p>\n<p>I arran del nostre treball, ens hem donat a con\u00e8ixer davant del Memorial democr\u00e0tic, el qual ens ha publicat un petit dossier sobre les nostres activitats i ens ha incl\u00f2s dins el seu programa educatiu pel curs 2024-2025.<\/p>\n<p>Us adjuntem els dos dossiers\u00a0 i esperem que podeu trobar les activitats que m\u00e9s us convinguin per treballar la Mem\u00f2ria democr\u00e0tica amb el vostre alumnat.<\/p>\n<p><iframe loading=\"lazy\" src=\"https:\/\/drive.google.com\/file\/d\/1bKBUEEJFMbHjGw5wO3VN0w7P0lJYJKzZ\/preview?usp=sharing\" style=\"border:0px #ffffff none;\" name=\"myiFrame\" scrolling=\"no\" frameborder=\"1\" marginheight=\"0px\" marginwidth=\"0px\" height=\"400px\" width=\"600px\" allowfullscreen><\/iframe><\/p>\n","protected":false},"excerpt":{"rendered":"<p>Els Camps i Entorns d&#8217;Aprenentatge que duem a terme activitats sobre la Guerra Civil, la repressi\u00f3 franquista, l&#8217;exili i la mem\u00f2ria democr\u00e0tica ens v\u00e0rem formalitzar com a grup de treball per trobar sinergies entres nosaltres i afavorir oportunitats did\u00e0ctiques per treballar la mem\u00f2ria democr\u00e0tica en&hellip;  <a href=\"https:\/\/serveiseducatius.xtec.cat\/edadelcanigo\/general\/collaboracio-amb-el-memorial-democratic\/\" title=\"Read Col\u00b7laboraci\u00f3 amb el Memorial Democr\u00e0tic\">Llegeix m\u00e9s\u00bb<\/a><\/p>\n","protected":false},"author":1,"featured_media":9557,"comment_status":"open","ping_status":"closed","sticky":false,"template":"","format":"standard","meta":{"_bbp_topic_count":0,"_bbp_reply_count":0,"_bbp_total_topic_count":0,"_bbp_total_reply_count":0,"_bbp_voice_count":0,"_bbp_anonymous_reply_count":0,"_bbp_topic_count_hidden":0,"_bbp_reply_count_hidden":0,"_bbp_forum_subforum_count":0,"footnotes":""},"categories":[1,29],"tags":[329,334,320,338,343,344,283,319],"class_list":["post-9552","post","type-post","status-publish","format-standard","has-post-thumbnail","hentry","category-general","category-portada","tag-campsientornsdaprenentatge","tag-aprendreambelscampsientorns","tag-aprenen-amb-els-cda-eda","tag-memoria","tag-projectecda","tag-projecteeda","tag-projectes","tag-serveis-educatius"],"post_mailing_queue_ids":[],"_links":{"self":[{"href":"https:\/\/serveiseducatius.xtec.cat\/edadelcanigo\/wp-json\/wp\/v2\/posts\/9552","targetHints":{"allow":["GET"]}}],"collection":[{"href":"https:\/\/serveiseducatius.xtec.cat\/edadelcanigo\/wp-json\/wp\/v2\/posts"}],"about":[{"href":"https:\/\/serveiseducatius.xtec.cat\/edadelcanigo\/wp-json\/wp\/v2\/types\/post"}],"author":[{"embeddable":true,"href":"https:\/\/serveiseducatius.xtec.cat\/edadelcanigo\/wp-json\/wp\/v2\/users\/1"}],"replies":[{"embeddable":true,"href":"https:\/\/serveiseducatius.xtec.cat\/edadelcanigo\/wp-json\/wp\/v2\/comments?post=9552"}],"version-history":[{"count":6,"href":"https:\/\/serveiseducatius.xtec.cat\/edadelcanigo\/wp-json\/wp\/v2\/posts\/9552\/revisions"}],"predecessor-version":[{"id":9560,"href":"https:\/\/serveiseducatius.xtec.cat\/edadelcanigo\/wp-json\/wp\/v2\/posts\/9552\/revisions\/9560"}],"wp:featuredmedia":[{"embeddable":true,"href":"https:\/\/serveiseducatius.xtec.cat\/edadelcanigo\/wp-json\/wp\/v2\/media\/9557"}],"wp:attachment":[{"href":"https:\/\/serveiseducatius.xtec.cat\/edadelcanigo\/wp-json\/wp\/v2\/media?parent=9552"}],"wp:term":[{"taxonomy":"category","embeddable":true,"href":"https:\/\/serveiseducatius.xtec.cat\/edadelcanigo\/wp-json\/wp\/v2\/categories?post=9552"},{"taxonomy":"post_tag","embeddable":true,"href":"https:\/\/serveiseducatius.xtec.cat\/edadelcanigo\/wp-json\/wp\/v2\/tags?post=9552"}],"curies":[{"name":"wp","href":"https:\/\/api.w.org\/{rel}","templated":true}]}}