{"id":9470,"date":"2022-02-15T12:18:33","date_gmt":"2022-02-15T11:18:33","guid":{"rendered":"https:\/\/serveiseducatius.xtec.cat\/edadelcanigo\/?p=9470"},"modified":"2022-02-15T12:18:33","modified_gmt":"2022-02-15T11:18:33","slug":"estades-dexili-i-memoria","status":"publish","type":"post","link":"https:\/\/serveiseducatius.xtec.cat\/edadelcanigo\/portada\/estades-dexili-i-memoria\/","title":{"rendered":"Estades d&#8217;exili i mem\u00f2ria"},"content":{"rendered":"<p>Els mesos freds, de novembre a mar\u00e7, a l&#8217;EdA de Canig\u00f3 centrem la nostra activitat a les estades dedicades a l&#8217;Exili i la resist\u00e8ncia. Aquestes s\u00f3n estades on pretenem fer reviure la mem\u00f2ria tot trepitjant hist\u00f2ria, cercant experi\u00e8ncies vivencials que aportin als alumnes un aprenentatge significatiu sobre el que va suposar la Guerra Civil, l&#8217;exili i la posterior II Guerra Mundial i la resist\u00e8ncia al feixisme. Aquests dies que ressonen a occident tambors de guerra, recordar i reviure l&#8217;horror del anys de plom, ens ha de permetre fer reflexionar als nostres alumnes sobre els valors que fonamenten les nostres societats democr\u00e0tiques. Saber d&#8217;on venim ens ha de marcar el cam\u00ed cap a on hem d&#8217;anar i no ignorar que els fantasmes del passat poden retornar. Nom\u00e9s amb esperit cr\u00edtic, solidaritat, respecte\u00a0 i empatia vers l&#8217;altre es construeix un m\u00f3n que volem en pau. <a href=\"https:\/\/serveiseducatius.xtec.cat\/edadelcanigo\/wp-content\/uploads\/usu1374\/2022\/02\/IMG-20220211-WA0003.jpg\"><img loading=\"lazy\" decoding=\"async\" class=\"wp-image-9471 size-large alignleft\" src=\"https:\/\/serveiseducatius.xtec.cat\/edadelcanigo\/wp-content\/uploads\/usu1374\/2022\/02\/IMG-20220211-WA0003-1024x709.jpg\" alt=\"\" width=\"1024\" height=\"709\" srcset=\"https:\/\/serveiseducatius.xtec.cat\/edadelcanigo\/wp-content\/uploads\/usu1374\/2022\/02\/IMG-20220211-WA0003-1024x709.jpg 1024w, https:\/\/serveiseducatius.xtec.cat\/edadelcanigo\/wp-content\/uploads\/usu1374\/2022\/02\/IMG-20220211-WA0003-300x208.jpg 300w, https:\/\/serveiseducatius.xtec.cat\/edadelcanigo\/wp-content\/uploads\/usu1374\/2022\/02\/IMG-20220211-WA0003-768x532.jpg 768w, https:\/\/serveiseducatius.xtec.cat\/edadelcanigo\/wp-content\/uploads\/usu1374\/2022\/02\/IMG-20220211-WA0003-1536x1064.jpg 1536w, https:\/\/serveiseducatius.xtec.cat\/edadelcanigo\/wp-content\/uploads\/usu1374\/2022\/02\/IMG-20220211-WA0003.jpg 1820w\" sizes=\"auto, (max-width: 1024px) 100vw, 1024px\" \/><\/a><\/p>\n","protected":false},"excerpt":{"rendered":"<p>Els mesos freds, de novembre a mar\u00e7, a l&#8217;EdA de Canig\u00f3 centrem la nostra activitat a les estades dedicades a l&#8217;Exili i la resist\u00e8ncia. Aquestes s\u00f3n estades on pretenem fer reviure la mem\u00f2ria tot trepitjant hist\u00f2ria, cercant experi\u00e8ncies vivencials que aportin als alumnes un aprenentatge&hellip;  <a href=\"https:\/\/serveiseducatius.xtec.cat\/edadelcanigo\/portada\/estades-dexili-i-memoria\/\" title=\"Read Estades d&#8217;exili i mem\u00f2ria\">Llegeix m\u00e9s\u00bb<\/a><\/p>\n","protected":false},"author":4,"featured_media":9471,"comment_status":"open","ping_status":"closed","sticky":false,"template":"","format":"standard","meta":{"_bbp_topic_count":0,"_bbp_reply_count":0,"_bbp_total_topic_count":0,"_bbp_total_reply_count":0,"_bbp_voice_count":0,"_bbp_anonymous_reply_count":0,"_bbp_topic_count_hidden":0,"_bbp_reply_count_hidden":0,"_bbp_forum_subforum_count":0,"footnotes":""},"categories":[29],"tags":[334,324,336,337,338,319],"class_list":["post-9470","post","type-post","status-publish","format-standard","has-post-thumbnail","hentry","category-portada","tag-aprendreambelscampsientorns","tag-aprenem-amb-els-cda-eda","tag-estades-cda-eda","tag-exili","tag-memoria","tag-serveis-educatius"],"post_mailing_queue_ids":[],"_links":{"self":[{"href":"https:\/\/serveiseducatius.xtec.cat\/edadelcanigo\/wp-json\/wp\/v2\/posts\/9470","targetHints":{"allow":["GET"]}}],"collection":[{"href":"https:\/\/serveiseducatius.xtec.cat\/edadelcanigo\/wp-json\/wp\/v2\/posts"}],"about":[{"href":"https:\/\/serveiseducatius.xtec.cat\/edadelcanigo\/wp-json\/wp\/v2\/types\/post"}],"author":[{"embeddable":true,"href":"https:\/\/serveiseducatius.xtec.cat\/edadelcanigo\/wp-json\/wp\/v2\/users\/4"}],"replies":[{"embeddable":true,"href":"https:\/\/serveiseducatius.xtec.cat\/edadelcanigo\/wp-json\/wp\/v2\/comments?post=9470"}],"version-history":[{"count":1,"href":"https:\/\/serveiseducatius.xtec.cat\/edadelcanigo\/wp-json\/wp\/v2\/posts\/9470\/revisions"}],"predecessor-version":[{"id":9472,"href":"https:\/\/serveiseducatius.xtec.cat\/edadelcanigo\/wp-json\/wp\/v2\/posts\/9470\/revisions\/9472"}],"wp:featuredmedia":[{"embeddable":true,"href":"https:\/\/serveiseducatius.xtec.cat\/edadelcanigo\/wp-json\/wp\/v2\/media\/9471"}],"wp:attachment":[{"href":"https:\/\/serveiseducatius.xtec.cat\/edadelcanigo\/wp-json\/wp\/v2\/media?parent=9470"}],"wp:term":[{"taxonomy":"category","embeddable":true,"href":"https:\/\/serveiseducatius.xtec.cat\/edadelcanigo\/wp-json\/wp\/v2\/categories?post=9470"},{"taxonomy":"post_tag","embeddable":true,"href":"https:\/\/serveiseducatius.xtec.cat\/edadelcanigo\/wp-json\/wp\/v2\/tags?post=9470"}],"curies":[{"name":"wp","href":"https:\/\/api.w.org\/{rel}","templated":true}]}}