{"id":9177,"date":"2020-02-18T14:35:53","date_gmt":"2020-02-18T13:35:53","guid":{"rendered":"http:\/\/serveiseducatius.xtec.cat\/edadelcanigo\/?p=9177"},"modified":"2020-02-18T14:38:07","modified_gmt":"2020-02-18T13:38:07","slug":"xxx-jornades-camps-i-entorns-daprenentatge","status":"publish","type":"post","link":"https:\/\/serveiseducatius.xtec.cat\/edadelcanigo\/portada\/xxx-jornades-camps-i-entorns-daprenentatge\/","title":{"rendered":"XXX Jornades Camps i Entorns d&#8217;Aprenentatge"},"content":{"rendered":"<p>Enguany hem tingut l&#8217;honor d&#8217;acollir la XXX edici\u00f3 de les trobades dels professionals dels Camps i Entorns d&#8217;Aprenentatge del Departament d&#8217;Educaci\u00f3 de Catalunya. Durant dos dies, les jornades ens han servit per donar a con\u00e8ixer la nostra oferta pedag\u00f2gica als nostres companys, intercanviar experi\u00e8ncies i reflexionar conjuntament sobre la nostra pr\u00e0ctica pedag\u00f2gica. Ha sigut un plaer acollir aquesta gran fam\u00edlia que formen els professionals dels CdA &#8211; EdA.<\/p>\n<p><a href=\"https:\/\/serveiseducatius.xtec.cat\/edadelcanigo\/wp-content\/uploads\/usu1374\/2020\/02\/IMG-20200110-WA0038-COLLAGE.jpg\"><img loading=\"lazy\" decoding=\"async\" class=\"aligncenter wp-image-9178 size-large\" src=\"https:\/\/serveiseducatius.xtec.cat\/edadelcanigo\/wp-content\/uploads\/usu1374\/2020\/02\/IMG-20200110-WA0038-COLLAGE-769x1024.jpg\" alt=\"\" width=\"769\" height=\"1024\" srcset=\"https:\/\/serveiseducatius.xtec.cat\/edadelcanigo\/wp-content\/uploads\/usu1374\/2020\/02\/IMG-20200110-WA0038-COLLAGE-769x1024.jpg 769w, https:\/\/serveiseducatius.xtec.cat\/edadelcanigo\/wp-content\/uploads\/usu1374\/2020\/02\/IMG-20200110-WA0038-COLLAGE-225x300.jpg 225w, https:\/\/serveiseducatius.xtec.cat\/edadelcanigo\/wp-content\/uploads\/usu1374\/2020\/02\/IMG-20200110-WA0038-COLLAGE-768x1023.jpg 768w, https:\/\/serveiseducatius.xtec.cat\/edadelcanigo\/wp-content\/uploads\/usu1374\/2020\/02\/IMG-20200110-WA0038-COLLAGE.jpg 996w\" sizes=\"auto, (max-width: 769px) 100vw, 769px\" \/><\/a><\/p>\n","protected":false},"excerpt":{"rendered":"<p>Enguany hem tingut l&#8217;honor d&#8217;acollir la XXX edici\u00f3 de les trobades dels professionals dels Camps i Entorns d&#8217;Aprenentatge del Departament d&#8217;Educaci\u00f3 de Catalunya. Durant dos dies, les jornades ens han servit per donar a con\u00e8ixer la nostra oferta pedag\u00f2gica als nostres companys, intercanviar experi\u00e8ncies i&hellip;  <a href=\"https:\/\/serveiseducatius.xtec.cat\/edadelcanigo\/portada\/xxx-jornades-camps-i-entorns-daprenentatge\/\" title=\"Read XXX Jornades Camps i Entorns d&#8217;Aprenentatge\">Llegeix m\u00e9s\u00bb<\/a><\/p>\n","protected":false},"author":4,"featured_media":9178,"comment_status":"open","ping_status":"closed","sticky":false,"template":"","format":"standard","meta":{"_bbp_topic_count":0,"_bbp_reply_count":0,"_bbp_total_topic_count":0,"_bbp_total_reply_count":0,"_bbp_voice_count":0,"_bbp_anonymous_reply_count":0,"_bbp_topic_count_hidden":0,"_bbp_reply_count_hidden":0,"_bbp_forum_subforum_count":0,"footnotes":""},"categories":[29],"tags":[],"class_list":["post-9177","post","type-post","status-publish","format-standard","has-post-thumbnail","hentry","category-portada"],"post_mailing_queue_ids":[],"_links":{"self":[{"href":"https:\/\/serveiseducatius.xtec.cat\/edadelcanigo\/wp-json\/wp\/v2\/posts\/9177","targetHints":{"allow":["GET"]}}],"collection":[{"href":"https:\/\/serveiseducatius.xtec.cat\/edadelcanigo\/wp-json\/wp\/v2\/posts"}],"about":[{"href":"https:\/\/serveiseducatius.xtec.cat\/edadelcanigo\/wp-json\/wp\/v2\/types\/post"}],"author":[{"embeddable":true,"href":"https:\/\/serveiseducatius.xtec.cat\/edadelcanigo\/wp-json\/wp\/v2\/users\/4"}],"replies":[{"embeddable":true,"href":"https:\/\/serveiseducatius.xtec.cat\/edadelcanigo\/wp-json\/wp\/v2\/comments?post=9177"}],"version-history":[{"count":2,"href":"https:\/\/serveiseducatius.xtec.cat\/edadelcanigo\/wp-json\/wp\/v2\/posts\/9177\/revisions"}],"predecessor-version":[{"id":9180,"href":"https:\/\/serveiseducatius.xtec.cat\/edadelcanigo\/wp-json\/wp\/v2\/posts\/9177\/revisions\/9180"}],"wp:featuredmedia":[{"embeddable":true,"href":"https:\/\/serveiseducatius.xtec.cat\/edadelcanigo\/wp-json\/wp\/v2\/media\/9178"}],"wp:attachment":[{"href":"https:\/\/serveiseducatius.xtec.cat\/edadelcanigo\/wp-json\/wp\/v2\/media?parent=9177"}],"wp:term":[{"taxonomy":"category","embeddable":true,"href":"https:\/\/serveiseducatius.xtec.cat\/edadelcanigo\/wp-json\/wp\/v2\/categories?post=9177"},{"taxonomy":"post_tag","embeddable":true,"href":"https:\/\/serveiseducatius.xtec.cat\/edadelcanigo\/wp-json\/wp\/v2\/tags?post=9177"}],"curies":[{"name":"wp","href":"https:\/\/api.w.org\/{rel}","templated":true}]}}