{"id":9109,"date":"2018-11-19T13:25:02","date_gmt":"2018-11-19T12:25:02","guid":{"rendered":"http:\/\/serveiseducatius.xtec.cat\/edadelcanigo\/?p=9109"},"modified":"2018-11-19T13:25:02","modified_gmt":"2018-11-19T12:25:02","slug":"estada-geologica-dels-alumnes-de-lescola-marcelli-domingo","status":"publish","type":"post","link":"https:\/\/serveiseducatius.xtec.cat\/edadelcanigo\/portada\/estada-geologica-dels-alumnes-de-lescola-marcelli-domingo\/","title":{"rendered":"Estada geol\u00f2gica dels alumnes de l&#8217;Escola Marcel\u00b7l\u00ed Domingo"},"content":{"rendered":"<figure class=\"figure wp-caption alignnone\"><a href=\"https:\/\/serveiseducatius.xtec.cat\/edadelcanigo\/wp-content\/uploads\/usu1374\/2018\/11\/20181107_160456.jpg\"><img loading=\"lazy\" decoding=\"async\" class=\"wp-image-9110\" src=\"https:\/\/serveiseducatius.xtec.cat\/edadelcanigo\/wp-content\/uploads\/usu1374\/2018\/11\/20181107_160456-1024x576.jpg\" alt=\"\" width=\"640\" height=\"360\" srcset=\"https:\/\/serveiseducatius.xtec.cat\/edadelcanigo\/wp-content\/uploads\/usu1374\/2018\/11\/20181107_160456.jpg 1024w, https:\/\/serveiseducatius.xtec.cat\/edadelcanigo\/wp-content\/uploads\/usu1374\/2018\/11\/20181107_160456-300x169.jpg 300w, https:\/\/serveiseducatius.xtec.cat\/edadelcanigo\/wp-content\/uploads\/usu1374\/2018\/11\/20181107_160456-768x432.jpg 768w\" sizes=\"auto, (max-width: 640px) 100vw, 640px\" \/><\/a><figcaption class=\"wp-caption-text\">Alumnes de l&#8217;escola Marcel\u00b7l\u00ed Domingo contemplant les Orgues d&#8217;Illa<\/figcaption><\/figure>\n<p>&nbsp;<\/p>\n<p>Des de les terres de l&#8217;Ebre, de Tivissa,\u00a0 han vingut els alumnes de l&#8217;escola Marcel\u00b7l\u00ed Domingo per treballar durant tres dies la geologia de la Catalunya Nord. La difer\u00e8ncia entre roca i mineral, la identificaci\u00f3 de roques magm\u00e0tiques, metam\u00f2rfiques i sediment\u00e0ries, com descriure una roca, qu\u00e8 \u00e9s i per a qu\u00e8 ens serveix la granulometria, com es forma una cova i la lectura geomorfol\u00f2gica del paisatge s\u00f3n, entre altres, alguns dels aspectes treballats durant aquests tres dies intensos.\u00a0 Ben segur que tot el qu\u00e8 han treballat els hi servir\u00e0 per observar les muntanyes de Tivissa amb una nova mirada.<\/p>\n","protected":false},"excerpt":{"rendered":"<p><a href=\"https:\/\/serveiseducatius.xtec.cat\/edadelcanigo\/wp-content\/uploads\/usu1374\/2018\/11\/20181107_160456.jpg\"><\/a>Alumnes de l&#8217;escola Marcel\u00b7l\u00ed Domingo contemplant les Orgues d&#8217;Illa<br \/>\n&nbsp;<br \/>\nDes de les terres de l&#8217;Ebre, de Tivissa,\u00a0 han vingut els alumnes de l&#8217;escola Marcel\u00b7l\u00ed Domingo per treballar durant tres dies la geologia de la Catalunya Nord. La difer\u00e8ncia entre roca i mineral, la identificaci\u00f3 de&hellip;  <a href=\"https:\/\/serveiseducatius.xtec.cat\/edadelcanigo\/portada\/estada-geologica-dels-alumnes-de-lescola-marcelli-domingo\/\" title=\"Read Estada geol\u00f2gica dels alumnes de l&#8217;Escola Marcel\u00b7l\u00ed Domingo\">Llegeix m\u00e9s\u00bb<\/a><\/p>\n","protected":false},"author":4,"featured_media":9110,"comment_status":"open","ping_status":"closed","sticky":false,"template":"","format":"standard","meta":{"_bbp_topic_count":0,"_bbp_reply_count":0,"_bbp_total_topic_count":0,"_bbp_total_reply_count":0,"_bbp_voice_count":0,"_bbp_anonymous_reply_count":0,"_bbp_topic_count_hidden":0,"_bbp_reply_count_hidden":0,"_bbp_forum_subforum_count":0,"footnotes":""},"categories":[29],"tags":[],"class_list":["post-9109","post","type-post","status-publish","format-standard","has-post-thumbnail","hentry","category-portada"],"post_mailing_queue_ids":[],"_links":{"self":[{"href":"https:\/\/serveiseducatius.xtec.cat\/edadelcanigo\/wp-json\/wp\/v2\/posts\/9109","targetHints":{"allow":["GET"]}}],"collection":[{"href":"https:\/\/serveiseducatius.xtec.cat\/edadelcanigo\/wp-json\/wp\/v2\/posts"}],"about":[{"href":"https:\/\/serveiseducatius.xtec.cat\/edadelcanigo\/wp-json\/wp\/v2\/types\/post"}],"author":[{"embeddable":true,"href":"https:\/\/serveiseducatius.xtec.cat\/edadelcanigo\/wp-json\/wp\/v2\/users\/4"}],"replies":[{"embeddable":true,"href":"https:\/\/serveiseducatius.xtec.cat\/edadelcanigo\/wp-json\/wp\/v2\/comments?post=9109"}],"version-history":[{"count":1,"href":"https:\/\/serveiseducatius.xtec.cat\/edadelcanigo\/wp-json\/wp\/v2\/posts\/9109\/revisions"}],"predecessor-version":[{"id":9111,"href":"https:\/\/serveiseducatius.xtec.cat\/edadelcanigo\/wp-json\/wp\/v2\/posts\/9109\/revisions\/9111"}],"wp:featuredmedia":[{"embeddable":true,"href":"https:\/\/serveiseducatius.xtec.cat\/edadelcanigo\/wp-json\/wp\/v2\/media\/9110"}],"wp:attachment":[{"href":"https:\/\/serveiseducatius.xtec.cat\/edadelcanigo\/wp-json\/wp\/v2\/media?parent=9109"}],"wp:term":[{"taxonomy":"category","embeddable":true,"href":"https:\/\/serveiseducatius.xtec.cat\/edadelcanigo\/wp-json\/wp\/v2\/categories?post=9109"},{"taxonomy":"post_tag","embeddable":true,"href":"https:\/\/serveiseducatius.xtec.cat\/edadelcanigo\/wp-json\/wp\/v2\/tags?post=9109"}],"curies":[{"name":"wp","href":"https:\/\/api.w.org\/{rel}","templated":true}]}}