{"id":8686,"date":"2015-08-27T14:24:07","date_gmt":"2015-08-27T12:24:07","guid":{"rendered":"http:\/\/blocs.xtec.cat\/edacanigo\/?p=1232"},"modified":"2015-08-27T14:24:07","modified_gmt":"2015-08-27T12:24:07","slug":"benvinguts","status":"publish","type":"post","link":"https:\/\/serveiseducatius.xtec.cat\/edadelcanigo\/general\/benvinguts\/","title":{"rendered":"Benvinguts"},"content":{"rendered":"<p style=\"text-align: justify;\">Benvingudes i benvinguts al bloc del recent inaugurat Entorn d&#8217;aprenentatge del Canig\u00f3. Amb aquesta entrada iniciem una aventura que pret\u00e9n acostar el patrimoni natural i cultural de la Catalunya Nord a estudiants de cicle superior de prim\u00e0ria, educaci\u00f3 secund\u00e0ria i batxillerat.<\/p>\n<p style=\"text-align: justify;\">Aquesta iniciativa pedag\u00f2gica no seria possible sense la tenacitat de la Universitat Catalana d&#8217;Estiu, el Departament d&#8217;Ensenyament de la Generalitat de Catalunya i la col\u00b7laboraci\u00f3 d&#8217;altres institucions de tres Estats diferents, que han fet possible el <a href=\"http:\/\/uce.cat\/vallroc\/vallroc4.html\" target=\"_blank\">Centre transfronterer d&#8217;estudis Pau Casals<\/a>, un espai amb resid\u00e8ncia per rebre joves i donar vida a l&#8217;EdA del Canig\u00f3.<\/p>\n<p style=\"text-align: justify;\">Mitjan\u00e7ant el present bloc us ofererirem la informaci\u00f3 necess\u00e0ria per tal de poder realitzar una estada amb nosaltres i con\u00e8ixer el ric patrimoni cultural i natural de la Catalunya Nord, i m\u00e9s concretament del Conflent, comarca hist\u00f2rica que ens acull. Al mateix temps esperem que aquest bloc serveixi com a mitj\u00e0 de comunicaci\u00f3 entre nosaltres i tots els centres que vinguin a realitzar una estada per aquestes contrades.<\/p>\n<p style=\"text-align: justify;\">Us donem la benvinguda a totes i tots i us esperem a Prada, al peu del Canig\u00f3.<\/p>\n<p style=\"text-align: center;\"><a href=\"http:\/\/serveiseducatius.xtec.cat\/edadelcanigo\/wp-content\/uploads\/usu1374\/2015\/08\/DSC03979.redimensionada.jpg\"><img loading=\"lazy\" decoding=\"async\" class=\"aligncenter wp-image-1353 \" src=\"http:\/\/serveiseducatius.xtec.cat\/edadelcanigo\/wp-content\/uploads\/usu1374\/2015\/08\/DSC03979.redimensionada-300x200.jpg\" alt=\"DSC03979.redimensionada\" width=\"268\" height=\"182\" \/><\/a><\/p>\n","protected":false},"excerpt":{"rendered":"<p>Benvingudes i benvinguts al bloc del recent inaugurat Entorn d&#8217;aprenentatge del Canig\u00f3. Amb aquesta entrada iniciem una aventura que pret\u00e9n acostar el patrimoni natural i cultural de la Catalunya Nord a estudiants de cicle superior de prim\u00e0ria, educaci\u00f3 secund\u00e0ria i batxillerat.<br \/>\nAquesta iniciativa pedag\u00f2gica no seria&hellip;  <a href=\"https:\/\/serveiseducatius.xtec.cat\/edadelcanigo\/general\/benvinguts\/\" title=\"Read Benvinguts\">Llegeix m\u00e9s\u00bb<\/a><\/p>\n","protected":false},"author":4,"featured_media":0,"comment_status":"open","ping_status":"open","sticky":false,"template":"","format":"standard","meta":{"_bbp_topic_count":0,"_bbp_reply_count":0,"_bbp_total_topic_count":0,"_bbp_total_reply_count":0,"_bbp_voice_count":0,"_bbp_anonymous_reply_count":0,"_bbp_topic_count_hidden":0,"_bbp_reply_count_hidden":0,"_bbp_forum_subforum_count":0,"footnotes":""},"categories":[1],"tags":[],"class_list":["post-8686","post","type-post","status-publish","format-standard","hentry","category-general"],"post_mailing_queue_ids":[],"_links":{"self":[{"href":"https:\/\/serveiseducatius.xtec.cat\/edadelcanigo\/wp-json\/wp\/v2\/posts\/8686","targetHints":{"allow":["GET"]}}],"collection":[{"href":"https:\/\/serveiseducatius.xtec.cat\/edadelcanigo\/wp-json\/wp\/v2\/posts"}],"about":[{"href":"https:\/\/serveiseducatius.xtec.cat\/edadelcanigo\/wp-json\/wp\/v2\/types\/post"}],"author":[{"embeddable":true,"href":"https:\/\/serveiseducatius.xtec.cat\/edadelcanigo\/wp-json\/wp\/v2\/users\/4"}],"replies":[{"embeddable":true,"href":"https:\/\/serveiseducatius.xtec.cat\/edadelcanigo\/wp-json\/wp\/v2\/comments?post=8686"}],"version-history":[{"count":0,"href":"https:\/\/serveiseducatius.xtec.cat\/edadelcanigo\/wp-json\/wp\/v2\/posts\/8686\/revisions"}],"wp:attachment":[{"href":"https:\/\/serveiseducatius.xtec.cat\/edadelcanigo\/wp-json\/wp\/v2\/media?parent=8686"}],"wp:term":[{"taxonomy":"category","embeddable":true,"href":"https:\/\/serveiseducatius.xtec.cat\/edadelcanigo\/wp-json\/wp\/v2\/categories?post=8686"},{"taxonomy":"post_tag","embeddable":true,"href":"https:\/\/serveiseducatius.xtec.cat\/edadelcanigo\/wp-json\/wp\/v2\/tags?post=8686"}],"curies":[{"name":"wp","href":"https:\/\/api.w.org\/{rel}","templated":true}]}}