{"id":1750,"date":"2018-01-11T12:37:22","date_gmt":"2018-01-11T11:37:22","guid":{"rendered":"http:\/\/blocs.xtec.cat\/edacanigo\/?p=1750"},"modified":"2018-07-17T11:20:52","modified_gmt":"2018-07-17T09:20:52","slug":"xxvii-jornades-de-camps-i-entorns-daprenentatge","status":"publish","type":"post","link":"https:\/\/serveiseducatius.xtec.cat\/edadelcanigo\/portada\/xxvii-jornades-de-camps-i-entorns-daprenentatge\/","title":{"rendered":"XXVII Jornades de Camps i Entorns d&#8217;Aprenentatge"},"content":{"rendered":"<p>Com ja comen\u00e7a a ser habitual, iniciem el segon trimestre participant a les jornades de Camps i Entorns d&#8217;Aprenentatge que enguany s&#8217;han celebrat\u00a0 a Tremp.<\/p>\n<p>Gr\u00e0cies a l&#8217;organitzaci\u00f3 de <a href=\"http:\/\/serveiseducatius.xtec.cat\/eda-tremp\/\">L&#8217;Entorn d&#8217;Aprenentatge de Tremp<\/a> hem pogut con\u00e8ixer la seva oferta educativa que, com no pot ser d&#8217;una altra manera, est\u00e0 lligada a un territori d&#8217;una import\u00e0ncia cabdal en l&#8217;\u00e0mbit de la geologia i la paleontologia. Al mateix temps, les jornades ens han servit per intercanviar experi\u00e8ncies, problem\u00e0tiques i bon moments amb els altres professionals dels CdA i EdA dels serveis educatius del Departament d&#8217;Ensenyament.<\/p>\n<p>I des de Tremp agafem el relleu i l&#8217;any vinent ens tocar\u00e0 a nosaltres organitzar aquestes jornades. Esperem poder estar a l&#8217;altura del nostre successor.<\/p>\n<figure class=\"figure wp-caption aligncenter\"><a href=\"http:\/\/serveiseducatius.xtec.cat\/edadelcanigo\/wp-content\/uploads\/usu1374\/2018\/01\/P1200165.redimensionada.jpg\"><img loading=\"lazy\" decoding=\"async\" class=\"wp-image-1751 size-medium\" src=\"http:\/\/serveiseducatius.xtec.cat\/edadelcanigo\/wp-content\/uploads\/usu1374\/2018\/01\/P1200165.redimensionada-300x225.jpg\" alt=\"\" width=\"300\" height=\"225\" srcset=\"https:\/\/serveiseducatius.xtec.cat\/edadelcanigo\/wp-content\/uploads\/usu1374\/2018\/01\/P1200165.redimensionada-300x225.jpg 300w, https:\/\/serveiseducatius.xtec.cat\/edadelcanigo\/wp-content\/uploads\/usu1374\/2018\/01\/P1200165.redimensionada-768x576.jpg 768w, https:\/\/serveiseducatius.xtec.cat\/edadelcanigo\/wp-content\/uploads\/usu1374\/2018\/01\/P1200165.redimensionada-200x150.jpg 200w, https:\/\/serveiseducatius.xtec.cat\/edadelcanigo\/wp-content\/uploads\/usu1374\/2018\/01\/P1200165.redimensionada.jpg 800w\" sizes=\"auto, (max-width: 300px) 100vw, 300px\" \/><\/a><figcaption class=\"wp-caption-text\">Professionals dels CdA i EdA al jaciment paleontol\u00f2gic d&#8217;Orcau<\/figcaption><\/figure>\n<p>&nbsp;<\/p>\n","protected":false},"excerpt":{"rendered":"<p>Com ja comen\u00e7a a ser habitual, iniciem el segon trimestre participant a les jornades de Camps i Entorns d&#8217;Aprenentatge que enguany s&#8217;han celebrat\u00a0 a Tremp.<br \/>\nGr\u00e0cies a l&#8217;organitzaci\u00f3 de <a href=\"http:\/\/serveiseducatius.xtec.cat\/eda-tremp\/\">L&#8217;Entorn d&#8217;Aprenentatge de Tremp<\/a> hem pogut con\u00e8ixer la seva oferta educativa que, com no pot ser&hellip;  <a href=\"https:\/\/serveiseducatius.xtec.cat\/edadelcanigo\/portada\/xxvii-jornades-de-camps-i-entorns-daprenentatge\/\" title=\"Read XXVII Jornades de Camps i Entorns d&#8217;Aprenentatge\">Llegeix m\u00e9s\u00bb<\/a><\/p>\n","protected":false},"author":4,"featured_media":0,"comment_status":"open","ping_status":"closed","sticky":false,"template":"","format":"standard","meta":{"_bbp_topic_count":0,"_bbp_reply_count":0,"_bbp_total_topic_count":0,"_bbp_total_reply_count":0,"_bbp_voice_count":0,"_bbp_anonymous_reply_count":0,"_bbp_topic_count_hidden":0,"_bbp_reply_count_hidden":0,"_bbp_forum_subforum_count":0,"footnotes":""},"categories":[29],"tags":[],"class_list":["post-1750","post","type-post","status-publish","format-standard","hentry","category-portada"],"post_mailing_queue_ids":[],"_links":{"self":[{"href":"https:\/\/serveiseducatius.xtec.cat\/edadelcanigo\/wp-json\/wp\/v2\/posts\/1750","targetHints":{"allow":["GET"]}}],"collection":[{"href":"https:\/\/serveiseducatius.xtec.cat\/edadelcanigo\/wp-json\/wp\/v2\/posts"}],"about":[{"href":"https:\/\/serveiseducatius.xtec.cat\/edadelcanigo\/wp-json\/wp\/v2\/types\/post"}],"author":[{"embeddable":true,"href":"https:\/\/serveiseducatius.xtec.cat\/edadelcanigo\/wp-json\/wp\/v2\/users\/4"}],"replies":[{"embeddable":true,"href":"https:\/\/serveiseducatius.xtec.cat\/edadelcanigo\/wp-json\/wp\/v2\/comments?post=1750"}],"version-history":[{"count":2,"href":"https:\/\/serveiseducatius.xtec.cat\/edadelcanigo\/wp-json\/wp\/v2\/posts\/1750\/revisions"}],"predecessor-version":[{"id":8791,"href":"https:\/\/serveiseducatius.xtec.cat\/edadelcanigo\/wp-json\/wp\/v2\/posts\/1750\/revisions\/8791"}],"wp:attachment":[{"href":"https:\/\/serveiseducatius.xtec.cat\/edadelcanigo\/wp-json\/wp\/v2\/media?parent=1750"}],"wp:term":[{"taxonomy":"category","embeddable":true,"href":"https:\/\/serveiseducatius.xtec.cat\/edadelcanigo\/wp-json\/wp\/v2\/categories?post=1750"},{"taxonomy":"post_tag","embeddable":true,"href":"https:\/\/serveiseducatius.xtec.cat\/edadelcanigo\/wp-json\/wp\/v2\/tags?post=1750"}],"curies":[{"name":"wp","href":"https:\/\/api.w.org\/{rel}","templated":true}]}}