{"id":1618,"date":"2017-02-23T23:35:45","date_gmt":"2017-02-23T22:35:45","guid":{"rendered":"http:\/\/blocs.xtec.cat\/edacanigo\/?p=1618"},"modified":"2018-05-13T23:56:09","modified_gmt":"2018-05-13T21:56:09","slug":"treball-posterior-dels-alumnes-del-linstitut-miquel-marti-i-pol-de-roda-de-ter","status":"publish","type":"post","link":"https:\/\/serveiseducatius.xtec.cat\/edadelcanigo\/portada\/treball-posterior-dels-alumnes-del-linstitut-miquel-marti-i-pol-de-roda-de-ter\/","title":{"rendered":"Treball posterior dels alumnes del l&#8217;Institut Miquel Mart\u00ed i Pol de Roda de Ter."},"content":{"rendered":"<p>Us deixem un enlla\u00e7 amb el treball posterior a l&#8217;activitat <em>Fem el Verdaguer! Excursionisme i Poesia<\/em> que han realitzat els alumnes de l&#8217;Institut Miquel Mart\u00ed i Pol de Roda de Ter despr\u00e9s de visitar-nos el passat mes de novembre.<\/p>\n<p>Com a aperitiu us presentem el poema realitzat per les alumnes <b>Judit Raya i Alba Tartera<b>:<\/b><\/b><\/p>\n<p align=\"center\"><em><span style=\"font-size: medium;\">Mira les plantes, tenen vida;<\/span><\/em><\/p>\n<p align=\"center\"><em><span style=\"font-size: medium;\">mira les roques, es mouen;<\/span><\/em><\/p>\n<p align=\"center\"><em><span style=\"font-size: medium;\">la fauna s\u2019amaga, \u00e9s t\u00edmida;<\/span><\/em><\/p>\n<p align=\"center\"><em><span style=\"font-size: medium;\">i all\u00e0, els campanars respiren.<\/span><\/em><\/p>\n<p align=\"center\"><em><span style=\"font-size: medium;\">Puja i mira-t\u2019ho des d\u2019aqu\u00ed,<\/span><\/em><\/p>\n<p align=\"center\"><em><span style=\"font-size: medium;\">mira-t\u2019ho d\u2019una altra manera,<\/span><\/em><\/p>\n<p align=\"center\"><em><span style=\"font-size: medium;\">veur\u00e0s Sant Miquel i Sant Mart\u00ed,<\/span><\/em><\/p>\n<p align=\"center\"><em><span style=\"font-size: medium;\">com fantasmes d\u2019una altra era.<\/span><\/em><\/p>\n<p align=\"center\"><em><span style=\"font-size: medium;\">Si vas al Canig\u00f3,escolta al teu voltant,<\/span><\/em><\/p>\n<p align=\"center\"><em><span style=\"font-size: medium;\">v\u00e9s-hi quan encara no hi ha claror,<\/span><\/em><\/p>\n<p align=\"center\"><em><span style=\"font-size: medium;\">sentir\u00e0s el so de la campanes sonant.<\/span><\/em><\/p>\n<p><a href=\"https:\/\/drive.google.com\/file\/d\/0Bx61dQ0GxAkDUmVjcUJ0RExSdGc\/view?usp=sharing\" target=\"_blank\" rel=\"noopener noreferrer\"><strong>Poemes i di\u00e0legs Canig\u00f3.Treball posterior Institut Miquel Mart\u00ed i Pol de Roda de Ter<\/strong><\/a><\/p>\n<p>No volem acabar sense agrair a les professores Maria \u00c0ngels Vasco, Carme Rossinyol i Dolors Aymerich la seva dedicaci\u00f3, esfor\u00e7 i empenta. \u00c0nims i fins aviat!<\/p>\n","protected":false},"excerpt":{"rendered":"<p>Us deixem un enlla\u00e7 amb el treball posterior a l&#8217;activitat Fem el Verdaguer! Excursionisme i Poesia que han realitzat els alumnes de l&#8217;Institut Miquel Mart\u00ed i Pol de Roda de Ter despr\u00e9s de visitar-nos el passat mes de novembre.<br \/>\nCom a aperitiu us presentem el poema&hellip;  <a href=\"https:\/\/serveiseducatius.xtec.cat\/edadelcanigo\/portada\/treball-posterior-dels-alumnes-del-linstitut-miquel-marti-i-pol-de-roda-de-ter\/\" title=\"Read Treball posterior dels alumnes del l&#8217;Institut Miquel Mart\u00ed i Pol de Roda de Ter.\">Llegeix m\u00e9s\u00bb<\/a><\/p>\n","protected":false},"author":4,"featured_media":0,"comment_status":"open","ping_status":"closed","sticky":false,"template":"","format":"standard","meta":{"_bbp_topic_count":0,"_bbp_reply_count":0,"_bbp_total_topic_count":0,"_bbp_total_reply_count":0,"_bbp_voice_count":0,"_bbp_anonymous_reply_count":0,"_bbp_topic_count_hidden":0,"_bbp_reply_count_hidden":0,"_bbp_forum_subforum_count":0,"footnotes":""},"categories":[29],"tags":[],"class_list":["post-1618","post","type-post","status-publish","format-standard","hentry","category-portada"],"post_mailing_queue_ids":[],"_links":{"self":[{"href":"https:\/\/serveiseducatius.xtec.cat\/edadelcanigo\/wp-json\/wp\/v2\/posts\/1618","targetHints":{"allow":["GET"]}}],"collection":[{"href":"https:\/\/serveiseducatius.xtec.cat\/edadelcanigo\/wp-json\/wp\/v2\/posts"}],"about":[{"href":"https:\/\/serveiseducatius.xtec.cat\/edadelcanigo\/wp-json\/wp\/v2\/types\/post"}],"author":[{"embeddable":true,"href":"https:\/\/serveiseducatius.xtec.cat\/edadelcanigo\/wp-json\/wp\/v2\/users\/4"}],"replies":[{"embeddable":true,"href":"https:\/\/serveiseducatius.xtec.cat\/edadelcanigo\/wp-json\/wp\/v2\/comments?post=1618"}],"version-history":[{"count":1,"href":"https:\/\/serveiseducatius.xtec.cat\/edadelcanigo\/wp-json\/wp\/v2\/posts\/1618\/revisions"}],"predecessor-version":[{"id":8810,"href":"https:\/\/serveiseducatius.xtec.cat\/edadelcanigo\/wp-json\/wp\/v2\/posts\/1618\/revisions\/8810"}],"wp:attachment":[{"href":"https:\/\/serveiseducatius.xtec.cat\/edadelcanigo\/wp-json\/wp\/v2\/media?parent=1618"}],"wp:term":[{"taxonomy":"category","embeddable":true,"href":"https:\/\/serveiseducatius.xtec.cat\/edadelcanigo\/wp-json\/wp\/v2\/categories?post=1618"},{"taxonomy":"post_tag","embeddable":true,"href":"https:\/\/serveiseducatius.xtec.cat\/edadelcanigo\/wp-json\/wp\/v2\/tags?post=1618"}],"curies":[{"name":"wp","href":"https:\/\/api.w.org\/{rel}","templated":true}]}}