{"id":1589,"date":"2017-01-13T00:26:00","date_gmt":"2017-01-12T23:26:00","guid":{"rendered":"http:\/\/blocs.xtec.cat\/edacanigo\/?p=1589"},"modified":"2018-04-26T23:25:40","modified_gmt":"2018-04-26T21:25:40","slug":"xxvi-jornades-de-camps-i-entorns-daprenentatge","status":"publish","type":"post","link":"https:\/\/serveiseducatius.xtec.cat\/edadelcanigo\/general\/xxvi-jornades-de-camps-i-entorns-daprenentatge\/","title":{"rendered":"XXVI Jornades de Camps i Entorns d&#8217;Aprenentatge"},"content":{"rendered":"<p>Hem iniciat el segon trimestre assistint a les XXVI Jornades de Camps i Entorns d&#8217;Aprenentatge organitzades a l\u2019<a href=\"http:\/\/www.xtec.cat\/eda-flix\/\">Entorn d\u2019Aprenentatge Sebes i Meandre de Flix.<\/a> Durant dos dies hem pogut con\u00e8ixer el projecte educatiu dels companys de Flix que amb la seva oferta d&#8217;activitats permet als alumnes aprendre sobre el passat, present i futur d&#8217;un medi amb tanta idiosincr\u00e0sia com \u00e9s la Ribera d&#8217;Ebre.<\/p>\n<p>Unes jornades que tamb\u00e9 ens han perm\u00e8s intercanviar experi\u00e8ncies i punts de vista amb altres companys de professi\u00f3 i que ens reforcen a continuar amb aquesta singular experi\u00e8ncia educativa dels camps i entorns d&#8217;aprenentatge.<\/p>\n<p>Agra\u00efm als amics de Flix la bona acollida i l&#8217;organitzaci\u00f3 de les jornades. Dos dies d&#8217;experi\u00e8ncies, dos dies d&#8217;aprenentatges, dos dies que s&#8217;han fet curts, per\u00f2 intensos i\u00a0 ben profitosos.<\/p>\n<figure class=\"figure wp-caption aligncenter\"><a href=\"http:\/\/blocs.xtec.cat\/edacanigo\/files\/2017\/01\/Grup-Camps-meandre.jpg\"><img loading=\"lazy\" decoding=\"async\" class=\"wp-image-1590 size-large\" src=\"http:\/\/blocs.xtec.cat\/edacanigo\/files\/2017\/01\/Grup-Camps-meandre-1024x733.jpg\" alt=\"grup-camps-meandre\" width=\"584\" height=\"418\" \/><\/a><figcaption class=\"wp-caption-text\">Participants dels CdA i EdA a les jornades.<\/figcaption><\/figure>\n<figure class=\"figure wp-caption aligncenter\"><a href=\"http:\/\/blocs.xtec.cat\/edacanigo\/files\/2017\/01\/presentaci\u00f3-Fem-el-Verdaguer-Flix.jpg\"><img loading=\"lazy\" decoding=\"async\" class=\"wp-image-1591 size-medium\" src=\"http:\/\/blocs.xtec.cat\/edacanigo\/files\/2017\/01\/presentaci\u00f3-Fem-el-Verdaguer-Flix-300x168.jpg\" alt=\"presentacio-fem-el-verdaguer-flix\" width=\"300\" height=\"168\" \/><\/a><figcaption class=\"wp-caption-text\">Presentaci\u00f3 de l&#8217;activitat &#8220;Fem el Verdaguer! Poesia i excursionisme&#8221; que varem realitzar durant les jornades<\/figcaption><\/figure>\n<p><span style=\"border-radius: 2px; text-indent: 20px; width: auto; padding: 0px 4px 0px 0px; text-align: center; font: bold 11px\/20px 'Helvetica Neue',Helvetica,sans-serif; color: #ffffff; background: #bd081c  no-repeat scroll 3px 50% \/ 14px 14px; position: absolute; opacity: 1; z-index: 8675309; display: none; cursor: pointer;\">Save<\/span><\/p>\n","protected":false},"excerpt":{"rendered":"<p>Hem iniciat el segon trimestre assistint a les XXVI Jornades de Camps i Entorns d&#8217;Aprenentatge organitzades a l\u2019<a href=\"http:\/\/www.xtec.cat\/eda-flix\/\">Entorn d\u2019Aprenentatge Sebes i Meandre de Flix.<\/a> Durant dos dies hem pogut con\u00e8ixer el projecte educatiu dels companys de Flix que amb la seva oferta d&#8217;activitats permet&hellip;  <a href=\"https:\/\/serveiseducatius.xtec.cat\/edadelcanigo\/general\/xxvi-jornades-de-camps-i-entorns-daprenentatge\/\" title=\"Read XXVI Jornades de Camps i Entorns d&#8217;Aprenentatge\">Llegeix m\u00e9s\u00bb<\/a><\/p>\n","protected":false},"author":4,"featured_media":0,"comment_status":"open","ping_status":"open","sticky":false,"template":"","format":"standard","meta":{"_bbp_topic_count":0,"_bbp_reply_count":0,"_bbp_total_topic_count":0,"_bbp_total_reply_count":0,"_bbp_voice_count":0,"_bbp_anonymous_reply_count":0,"_bbp_topic_count_hidden":0,"_bbp_reply_count_hidden":0,"_bbp_forum_subforum_count":0,"footnotes":""},"categories":[1,29],"tags":[],"class_list":["post-1589","post","type-post","status-publish","format-standard","hentry","category-general","category-portada"],"post_mailing_queue_ids":[],"_links":{"self":[{"href":"https:\/\/serveiseducatius.xtec.cat\/edadelcanigo\/wp-json\/wp\/v2\/posts\/1589","targetHints":{"allow":["GET"]}}],"collection":[{"href":"https:\/\/serveiseducatius.xtec.cat\/edadelcanigo\/wp-json\/wp\/v2\/posts"}],"about":[{"href":"https:\/\/serveiseducatius.xtec.cat\/edadelcanigo\/wp-json\/wp\/v2\/types\/post"}],"author":[{"embeddable":true,"href":"https:\/\/serveiseducatius.xtec.cat\/edadelcanigo\/wp-json\/wp\/v2\/users\/4"}],"replies":[{"embeddable":true,"href":"https:\/\/serveiseducatius.xtec.cat\/edadelcanigo\/wp-json\/wp\/v2\/comments?post=1589"}],"version-history":[{"count":1,"href":"https:\/\/serveiseducatius.xtec.cat\/edadelcanigo\/wp-json\/wp\/v2\/posts\/1589\/revisions"}],"predecessor-version":[{"id":8803,"href":"https:\/\/serveiseducatius.xtec.cat\/edadelcanigo\/wp-json\/wp\/v2\/posts\/1589\/revisions\/8803"}],"wp:attachment":[{"href":"https:\/\/serveiseducatius.xtec.cat\/edadelcanigo\/wp-json\/wp\/v2\/media?parent=1589"}],"wp:term":[{"taxonomy":"category","embeddable":true,"href":"https:\/\/serveiseducatius.xtec.cat\/edadelcanigo\/wp-json\/wp\/v2\/categories?post=1589"},{"taxonomy":"post_tag","embeddable":true,"href":"https:\/\/serveiseducatius.xtec.cat\/edadelcanigo\/wp-json\/wp\/v2\/tags?post=1589"}],"curies":[{"name":"wp","href":"https:\/\/api.w.org\/{rel}","templated":true}]}}