{"id":1539,"date":"2016-07-05T12:26:50","date_gmt":"2016-07-05T10:26:50","guid":{"rendered":"http:\/\/blocs.xtec.cat\/edacanigo\/?p=1539"},"modified":"2018-07-17T11:20:16","modified_gmt":"2018-07-17T09:20:16","slug":"tancament-curs-2015-2016","status":"publish","type":"post","link":"https:\/\/serveiseducatius.xtec.cat\/edadelcanigo\/general\/tancament-curs-2015-2016\/","title":{"rendered":"Tancament curs 2015 &#8211; 2016"},"content":{"rendered":"<p>Tanquem el nostre primer any d&#8217;exist\u00e8ncia agraint a tots els centres que ens han fet confian\u00e7a. Gr\u00e0cies a tots vosaltres hem apr\u00e9s molt i amb\u00a0 els vostres suggeriments ens ajudeu a millorar el projecte de l&#8217;EdA del Canig\u00f3.<\/p>\n<p>Desitgem que gaudiu tots d&#8217;un bon estiu i esperem a partir de principis de setembre tornar amb les forces renovades i la il\u00b7lusi\u00f3 del primer dia.<\/p>\n<p>Aprofitem per convidar-vos a tots aquells que estigueu interessats a la Universitat Catalana d&#8217;Estiu ( <a href=\"http:\/\/www.uce.cat\/\" target=\"_blank\">UCE<\/a> ) que es celebrar\u00e0 a Prada entre el 17 i el 23 d&#8217;agost.<\/p>\n<p>I per \u00faltim us recordem que fins el dia 15 de juliol encara estem a disposici\u00f3 de vosaltres per a qualsevol consulta i\/o suggeriment.<\/p>\n<p>Bon estiu a tothom!<\/p>\n<figure class=\"figure wp-caption aligncenter\"><a href=\"http:\/\/blocs.xtec.cat\/edacanigo\/files\/2016\/07\/20160701_133353.jpg\" rel=\"attachment wp-att-1540\"><img loading=\"lazy\" decoding=\"async\" class=\"wp-image-1540 size-large\" src=\"http:\/\/blocs.xtec.cat\/edacanigo\/files\/2016\/07\/20160701_133353-1024x614.jpg\" alt=\"20160701_133353\" width=\"584\" height=\"350\" \/><\/a><figcaption class=\"wp-caption-text\">Prada i el Conflent<\/figcaption><\/figure>\n<p>&nbsp;<\/p>\n<p>&nbsp;<\/p>\n","protected":false},"excerpt":{"rendered":"<p>Tanquem el nostre primer any d&#8217;exist\u00e8ncia agraint a tots els centres que ens han fet confian\u00e7a. Gr\u00e0cies a tots vosaltres hem apr\u00e9s molt i amb\u00a0 els vostres suggeriments ens ajudeu a millorar el projecte de l&#8217;EdA del Canig\u00f3.<br \/>\nDesitgem que gaudiu tots d&#8217;un bon estiu i&hellip;  <a href=\"https:\/\/serveiseducatius.xtec.cat\/edadelcanigo\/general\/tancament-curs-2015-2016\/\" title=\"Read Tancament curs 2015 &#8211; 2016\">Llegeix m\u00e9s\u00bb<\/a><\/p>\n","protected":false},"author":4,"featured_media":0,"comment_status":"open","ping_status":"open","sticky":false,"template":"","format":"standard","meta":{"_bbp_topic_count":0,"_bbp_reply_count":0,"_bbp_total_topic_count":0,"_bbp_total_reply_count":0,"_bbp_voice_count":0,"_bbp_anonymous_reply_count":0,"_bbp_topic_count_hidden":0,"_bbp_reply_count_hidden":0,"_bbp_forum_subforum_count":0,"footnotes":""},"categories":[1],"tags":[],"class_list":["post-1539","post","type-post","status-publish","format-standard","hentry","category-general"],"post_mailing_queue_ids":[],"_links":{"self":[{"href":"https:\/\/serveiseducatius.xtec.cat\/edadelcanigo\/wp-json\/wp\/v2\/posts\/1539","targetHints":{"allow":["GET"]}}],"collection":[{"href":"https:\/\/serveiseducatius.xtec.cat\/edadelcanigo\/wp-json\/wp\/v2\/posts"}],"about":[{"href":"https:\/\/serveiseducatius.xtec.cat\/edadelcanigo\/wp-json\/wp\/v2\/types\/post"}],"author":[{"embeddable":true,"href":"https:\/\/serveiseducatius.xtec.cat\/edadelcanigo\/wp-json\/wp\/v2\/users\/4"}],"replies":[{"embeddable":true,"href":"https:\/\/serveiseducatius.xtec.cat\/edadelcanigo\/wp-json\/wp\/v2\/comments?post=1539"}],"version-history":[{"count":1,"href":"https:\/\/serveiseducatius.xtec.cat\/edadelcanigo\/wp-json\/wp\/v2\/posts\/1539\/revisions"}],"predecessor-version":[{"id":8964,"href":"https:\/\/serveiseducatius.xtec.cat\/edadelcanigo\/wp-json\/wp\/v2\/posts\/1539\/revisions\/8964"}],"wp:attachment":[{"href":"https:\/\/serveiseducatius.xtec.cat\/edadelcanigo\/wp-json\/wp\/v2\/media?parent=1539"}],"wp:term":[{"taxonomy":"category","embeddable":true,"href":"https:\/\/serveiseducatius.xtec.cat\/edadelcanigo\/wp-json\/wp\/v2\/categories?post=1539"},{"taxonomy":"post_tag","embeddable":true,"href":"https:\/\/serveiseducatius.xtec.cat\/edadelcanigo\/wp-json\/wp\/v2\/tags?post=1539"}],"curies":[{"name":"wp","href":"https:\/\/api.w.org\/{rel}","templated":true}]}}