{"id":1463,"date":"2016-04-18T21:05:58","date_gmt":"2016-04-18T19:05:58","guid":{"rendered":"http:\/\/blocs.xtec.cat\/edacanigo\/?p=1463"},"modified":"2018-07-17T11:20:16","modified_gmt":"2018-07-17T09:20:16","slug":"estada-institut-la-serra","status":"publish","type":"post","link":"https:\/\/serveiseducatius.xtec.cat\/edadelcanigo\/portada\/estada-institut-la-serra\/","title":{"rendered":"Estada Institut la Serra"},"content":{"rendered":"<p>Cr\u00e8dit de s\u00edntesi intens el que han realitzat els alumnes de 2n d&#8217;ESO de l&#8217;Institut La Serra de Mollerussa. Han estat quatre dies intensos de treball interdisciplinari passant, com si f\u00f3ssim papallones saltant de flor en flor, de la hist\u00f2ria a les llegendes, de la poesia a la natura, de la geologia al paisatge i sempre sota l&#8217;atenta mirada del Canig\u00f3. Els alumnes han marxat farcits\u00a0 d&#8217;experi\u00e8ncies que els ha de servir per completar el seu treball de s\u00edntesi a l&#8217;Institut. Us felicitem per la feina que heu fet i esperem veure&#8217;ns ben aviat!<\/p>\n<figure class=\"figure wp-caption alignnone\"><a href=\"http:\/\/serveiseducatius.xtec.cat\/edadelcanigo\/wp-content\/uploads\/usu1374\/2016\/04\/DSCN1793.redimensionada.jpg\"><img loading=\"lazy\" decoding=\"async\" class=\"wp-image-1464 \" src=\"http:\/\/serveiseducatius.xtec.cat\/edadelcanigo\/wp-content\/uploads\/usu1374\/2016\/04\/DSCN1793.redimensionada-300x225.jpg\" alt=\"DSCN1793.redimensionada\" width=\"241\" height=\"181\" srcset=\"https:\/\/serveiseducatius.xtec.cat\/edadelcanigo\/wp-content\/uploads\/usu1374\/2016\/04\/DSCN1793.redimensionada-300x225.jpg 300w, https:\/\/serveiseducatius.xtec.cat\/edadelcanigo\/wp-content\/uploads\/usu1374\/2016\/04\/DSCN1793.redimensionada-200x150.jpg 200w, https:\/\/serveiseducatius.xtec.cat\/edadelcanigo\/wp-content\/uploads\/usu1374\/2016\/04\/DSCN1793.redimensionada.jpg 640w\" sizes=\"auto, (max-width: 241px) 100vw, 241px\" \/><\/a><figcaption class=\"wp-caption-text\">Realitzant un croquis del paisatge des del mirador de Sant Mart\u00ed del Canig\u00f3 tal i com feu Verdaguer a l&#8217;estiu de 1883.<\/figcaption><\/figure>\n<figure class=\"figure wp-caption alignright\"><a href=\"http:\/\/serveiseducatius.xtec.cat\/edadelcanigo\/wp-content\/uploads\/usu1374\/2016\/04\/DSC07873.redimensionada.jpg\"><img loading=\"lazy\" decoding=\"async\" class=\"wp-image-1466 \" src=\"http:\/\/serveiseducatius.xtec.cat\/edadelcanigo\/wp-content\/uploads\/usu1374\/2016\/04\/DSC07873.redimensionada-300x200.jpg\" alt=\"DSC07873.redimensionada\" width=\"249\" height=\"166\" srcset=\"https:\/\/serveiseducatius.xtec.cat\/edadelcanigo\/wp-content\/uploads\/usu1374\/2016\/04\/DSC07873.redimensionada-300x200.jpg 300w, https:\/\/serveiseducatius.xtec.cat\/edadelcanigo\/wp-content\/uploads\/usu1374\/2016\/04\/DSC07873.redimensionada.jpg 640w\" sizes=\"auto, (max-width: 249px) 100vw, 249px\" \/><\/a><figcaption class=\"wp-caption-text\">Analitzant capitells del Monestir de Sant Miquel de Cuix\u00e0.<\/figcaption><\/figure>\n<figure class=\"figure wp-caption alignright\"><a href=\"http:\/\/serveiseducatius.xtec.cat\/edadelcanigo\/wp-content\/uploads\/usu1374\/2016\/04\/DSC07890.redimensionada.jpg\"><img loading=\"lazy\" decoding=\"async\" class=\"wp-image-1467 size-full\" src=\"http:\/\/serveiseducatius.xtec.cat\/edadelcanigo\/wp-content\/uploads\/usu1374\/2016\/04\/DSC07890.redimensionada.jpg\" alt=\"DSC07890.redimensionada\" width=\"640\" height=\"426\" srcset=\"https:\/\/serveiseducatius.xtec.cat\/edadelcanigo\/wp-content\/uploads\/usu1374\/2016\/04\/DSC07890.redimensionada.jpg 640w, https:\/\/serveiseducatius.xtec.cat\/edadelcanigo\/wp-content\/uploads\/usu1374\/2016\/04\/DSC07890.redimensionada-300x200.jpg 300w\" sizes=\"auto, (max-width: 640px) 100vw, 640px\" \/><\/a><figcaption class=\"wp-caption-text\">Els participants de l&#8217;institut La Serra amb Sant Miquel de Cuix\u00e0 de fons.<\/figcaption><\/figure>\n","protected":false},"excerpt":{"rendered":"<p>Cr\u00e8dit de s\u00edntesi intens el que han realitzat els alumnes de 2n d&#8217;ESO de l&#8217;Institut La Serra de Mollerussa. Han estat quatre dies intensos de treball interdisciplinari passant, com si f\u00f3ssim papallones saltant de flor en flor, de la hist\u00f2ria a les llegendes, de la&hellip;  <a href=\"https:\/\/serveiseducatius.xtec.cat\/edadelcanigo\/portada\/estada-institut-la-serra\/\" title=\"Read Estada Institut la Serra\">Llegeix m\u00e9s\u00bb<\/a><\/p>\n","protected":false},"author":4,"featured_media":8386,"comment_status":"open","ping_status":"open","sticky":false,"template":"","format":"standard","meta":{"_bbp_topic_count":0,"_bbp_reply_count":0,"_bbp_total_topic_count":0,"_bbp_total_reply_count":0,"_bbp_voice_count":0,"_bbp_anonymous_reply_count":0,"_bbp_topic_count_hidden":0,"_bbp_reply_count_hidden":0,"_bbp_forum_subforum_count":0,"footnotes":""},"categories":[29],"tags":[],"class_list":["post-1463","post","type-post","status-publish","format-standard","has-post-thumbnail","hentry","category-portada"],"post_mailing_queue_ids":[],"_links":{"self":[{"href":"https:\/\/serveiseducatius.xtec.cat\/edadelcanigo\/wp-json\/wp\/v2\/posts\/1463","targetHints":{"allow":["GET"]}}],"collection":[{"href":"https:\/\/serveiseducatius.xtec.cat\/edadelcanigo\/wp-json\/wp\/v2\/posts"}],"about":[{"href":"https:\/\/serveiseducatius.xtec.cat\/edadelcanigo\/wp-json\/wp\/v2\/types\/post"}],"author":[{"embeddable":true,"href":"https:\/\/serveiseducatius.xtec.cat\/edadelcanigo\/wp-json\/wp\/v2\/users\/4"}],"replies":[{"embeddable":true,"href":"https:\/\/serveiseducatius.xtec.cat\/edadelcanigo\/wp-json\/wp\/v2\/comments?post=1463"}],"version-history":[{"count":2,"href":"https:\/\/serveiseducatius.xtec.cat\/edadelcanigo\/wp-json\/wp\/v2\/posts\/1463\/revisions"}],"predecessor-version":[{"id":8719,"href":"https:\/\/serveiseducatius.xtec.cat\/edadelcanigo\/wp-json\/wp\/v2\/posts\/1463\/revisions\/8719"}],"wp:featuredmedia":[{"embeddable":true,"href":"https:\/\/serveiseducatius.xtec.cat\/edadelcanigo\/wp-json\/wp\/v2\/media\/8386"}],"wp:attachment":[{"href":"https:\/\/serveiseducatius.xtec.cat\/edadelcanigo\/wp-json\/wp\/v2\/media?parent=1463"}],"wp:term":[{"taxonomy":"category","embeddable":true,"href":"https:\/\/serveiseducatius.xtec.cat\/edadelcanigo\/wp-json\/wp\/v2\/categories?post=1463"},{"taxonomy":"post_tag","embeddable":true,"href":"https:\/\/serveiseducatius.xtec.cat\/edadelcanigo\/wp-json\/wp\/v2\/tags?post=1463"}],"curies":[{"name":"wp","href":"https:\/\/api.w.org\/{rel}","templated":true}]}}