{"id":1341,"date":"2015-11-17T11:26:41","date_gmt":"2015-11-17T10:26:41","guid":{"rendered":"http:\/\/blocs.xtec.cat\/edacanigo\/?p=1341"},"modified":"2018-07-17T11:20:16","modified_gmt":"2018-07-17T09:20:16","slug":"estada-escola-marta-mata","status":"publish","type":"post","link":"https:\/\/serveiseducatius.xtec.cat\/edadelcanigo\/general\/estada-escola-marta-mata\/","title":{"rendered":"Estada Escola Marta Mata"},"content":{"rendered":"<figure class=\"figure wp-caption aligncenter\"><a href=\"http:\/\/serveiseducatius.xtec.cat\/edadelcanigo\/wp-content\/uploads\/usu1374\/2015\/11\/escola-mart-mata.redimensionada.jpg\"><img loading=\"lazy\" decoding=\"async\" class=\"wp-image-1350 size-full\" src=\"http:\/\/serveiseducatius.xtec.cat\/edadelcanigo\/wp-content\/uploads\/usu1374\/2015\/11\/escola-mart-mata.redimensionada.jpg\" alt=\"escola mart mata.redimensionada\" width=\"640\" height=\"480\" srcset=\"https:\/\/serveiseducatius.xtec.cat\/edadelcanigo\/wp-content\/uploads\/usu1374\/2015\/11\/escola-mart-mata.redimensionada.jpg 640w, https:\/\/serveiseducatius.xtec.cat\/edadelcanigo\/wp-content\/uploads\/usu1374\/2015\/11\/escola-mart-mata.redimensionada-300x225.jpg 300w, https:\/\/serveiseducatius.xtec.cat\/edadelcanigo\/wp-content\/uploads\/usu1374\/2015\/11\/escola-mart-mata.redimensionada-200x150.jpg 200w\" sizes=\"auto, (max-width: 640px) 100vw, 640px\" \/><\/a><figcaption class=\"wp-caption-text\">La comunitat de grans de l&#8217;Escola Marta Mata a les afores de Sant Miquel de Cuix\u00e0<\/figcaption><\/figure>\n<p>La comunitat de grans de l&#8217;escola Marta Mata de Vilanova del Cam\u00ed ha tingut l&#8217;honor de ser la primera escola que ha realitzat una estada a l&#8217;EdA del Canig\u00f3. Han sigut cinc dies intensos en qu\u00e8 els nins i nines han apr\u00e8s a interpretar mapes, recollir dades meteorol\u00f2giques, entendre les difer\u00e8ncies entre llegendes i hist\u00f2ria, interpretar diferents tipus d&#8217;ecosistemes, empatitzar amb els exiliats que varen refugiar-se en aquestes contrades i com caminant, rere cada pas sempre hi ha quelcom a descobrir.\u00a0 Cinc dies\u00a0 d&#8217;experi\u00e8ncies, descobertes, aventures, emocions i en fi plens de coneixences. Han marxat doncs amb la maleta ben farcida per continuar aprenen a partir de les experi\u00e8ncies de camp.\u00a0 Des d&#8217;aqu\u00ed els donem les gr\u00e0cies ja que gr\u00e0cies a ells tamb\u00e9 nosaltres hem apr\u00e8s molt. Fins la pr\u00f2xima!<\/p>\n<figure class=\"figure wp-caption aligncenter\"><a href=\"http:\/\/serveiseducatius.xtec.cat\/edadelcanigo\/wp-content\/uploads\/usu1374\/2015\/11\/20151110_151954.redimensionada1-e1447755830978.jpg\"><img loading=\"lazy\" decoding=\"async\" class=\"wp-image-1343 size-full\" src=\"http:\/\/serveiseducatius.xtec.cat\/edadelcanigo\/wp-content\/uploads\/usu1374\/2015\/11\/20151110_151954.redimensionada1-e1447755830978.jpg\" alt=\"20151110_151954.redimensionada\" width=\"384\" height=\"640\" srcset=\"https:\/\/serveiseducatius.xtec.cat\/edadelcanigo\/wp-content\/uploads\/usu1374\/2015\/11\/20151110_151954.redimensionada1-e1447755830978.jpg 384w, https:\/\/serveiseducatius.xtec.cat\/edadelcanigo\/wp-content\/uploads\/usu1374\/2015\/11\/20151110_151954.redimensionada1-e1447755830978-180x300.jpg 180w\" sizes=\"auto, (max-width: 384px) 100vw, 384px\" \/><\/a><figcaption class=\"wp-caption-text\">Foto de grup baixant de Sant Mart\u00ed de Canig\u00f3<\/figcaption><\/figure>\n","protected":false},"excerpt":{"rendered":"<p><a href=\"http:\/\/serveiseducatius.xtec.cat\/edadelcanigo\/wp-content\/uploads\/usu1374\/2015\/11\/escola-mart-mata.redimensionada.jpg\"><\/a>La comunitat de grans de l&#8217;Escola Marta Mata a les afores de Sant Miquel de Cuix\u00e0<br \/>\nLa comunitat de grans de l&#8217;escola Marta Mata de Vilanova del Cam\u00ed ha tingut l&#8217;honor de ser la primera escola que ha realitzat una estada a l&#8217;EdA del Canig\u00f3.&hellip;  <a href=\"https:\/\/serveiseducatius.xtec.cat\/edadelcanigo\/general\/estada-escola-marta-mata\/\" title=\"Read Estada Escola Marta Mata\">Llegeix m\u00e9s\u00bb<\/a><\/p>\n","protected":false},"author":4,"featured_media":0,"comment_status":"open","ping_status":"closed","sticky":false,"template":"","format":"standard","meta":{"_bbp_topic_count":0,"_bbp_reply_count":0,"_bbp_total_topic_count":0,"_bbp_total_reply_count":0,"_bbp_voice_count":0,"_bbp_anonymous_reply_count":0,"_bbp_topic_count_hidden":0,"_bbp_reply_count_hidden":0,"_bbp_forum_subforum_count":0,"footnotes":""},"categories":[1,29],"tags":[],"class_list":["post-1341","post","type-post","status-publish","format-standard","hentry","category-general","category-portada"],"post_mailing_queue_ids":[],"_links":{"self":[{"href":"https:\/\/serveiseducatius.xtec.cat\/edadelcanigo\/wp-json\/wp\/v2\/posts\/1341","targetHints":{"allow":["GET"]}}],"collection":[{"href":"https:\/\/serveiseducatius.xtec.cat\/edadelcanigo\/wp-json\/wp\/v2\/posts"}],"about":[{"href":"https:\/\/serveiseducatius.xtec.cat\/edadelcanigo\/wp-json\/wp\/v2\/types\/post"}],"author":[{"embeddable":true,"href":"https:\/\/serveiseducatius.xtec.cat\/edadelcanigo\/wp-json\/wp\/v2\/users\/4"}],"replies":[{"embeddable":true,"href":"https:\/\/serveiseducatius.xtec.cat\/edadelcanigo\/wp-json\/wp\/v2\/comments?post=1341"}],"version-history":[{"count":1,"href":"https:\/\/serveiseducatius.xtec.cat\/edadelcanigo\/wp-json\/wp\/v2\/posts\/1341\/revisions"}],"predecessor-version":[{"id":8716,"href":"https:\/\/serveiseducatius.xtec.cat\/edadelcanigo\/wp-json\/wp\/v2\/posts\/1341\/revisions\/8716"}],"wp:attachment":[{"href":"https:\/\/serveiseducatius.xtec.cat\/edadelcanigo\/wp-json\/wp\/v2\/media?parent=1341"}],"wp:term":[{"taxonomy":"category","embeddable":true,"href":"https:\/\/serveiseducatius.xtec.cat\/edadelcanigo\/wp-json\/wp\/v2\/categories?post=1341"},{"taxonomy":"post_tag","embeddable":true,"href":"https:\/\/serveiseducatius.xtec.cat\/edadelcanigo\/wp-json\/wp\/v2\/tags?post=1341"}],"curies":[{"name":"wp","href":"https:\/\/api.w.org\/{rel}","templated":true}]}}