{"id":1333,"date":"2015-10-27T13:54:02","date_gmt":"2015-10-27T12:54:02","guid":{"rendered":"http:\/\/blocs.xtec.cat\/edacanigo\/?p=1333"},"modified":"2018-05-13T23:13:14","modified_gmt":"2018-05-13T21:13:14","slug":"12es-trobades-culturals-pirinenques-natura-i-cultura-al-pirineu","status":"publish","type":"post","link":"https:\/\/serveiseducatius.xtec.cat\/edadelcanigo\/general\/12es-trobades-culturals-pirinenques-natura-i-cultura-al-pirineu\/","title":{"rendered":"12es TROBADES CULTURALS PIRINENQUES NATURA I CULTURA AL PIRINEU"},"content":{"rendered":"<p>En el marc de la 12 es Trobades Cultural Pirinenques, sota el t\u00edtol Natura i Cultura al Pirineu, organitzat per la Societat Andorrana de Ci\u00e8ncies, hem presentat el projecte del EdA del Canig\u00f3. Donem les gr\u00e0cies per donar-nos la possibilitat de poder compartir amb tots els assistents el qu\u00e8 estem engegant. Aprofitem tamb\u00e9 per agrair als participants de les trobades per les seves aportacions que ens van fer enriquir a tots.\u00a0 Esperem poder veure&#8217;ns l&#8217;any vinent a Ceret!<\/p>\n<figure class=\"figure wp-caption aligncenter\"><a href=\"http:\/\/serveiseducatius.xtec.cat\/edadelcanigo\/wp-content\/uploads\/usu1374\/2015\/10\/Victor_Ferreira_EDA26.jpg\"><img loading=\"lazy\" decoding=\"async\" class=\" wp-image-1334\" src=\"http:\/\/serveiseducatius.xtec.cat\/edadelcanigo\/wp-content\/uploads\/usu1374\/2015\/10\/Victor_Ferreira_EDA26-150x142.jpg\" alt=\"Presentant l'EdA del Canig\u00f3 al Centre Transfronterer Pau Casals\" width=\"308\" height=\"291\" \/><\/a><figcaption class=\"wp-caption-text\">Presentant l&#8217;EdA del Canig\u00f3 al Centre Transfronterer Pau Casals.<\/figcaption><\/figure>\n","protected":false},"excerpt":{"rendered":"<p>En el marc de la 12 es Trobades Cultural Pirinenques, sota el t\u00edtol Natura i Cultura al Pirineu, organitzat per la Societat Andorrana de Ci\u00e8ncies, hem presentat el projecte del EdA del Canig\u00f3. Donem les gr\u00e0cies per donar-nos la possibilitat de poder compartir amb tots&hellip;  <a href=\"https:\/\/serveiseducatius.xtec.cat\/edadelcanigo\/general\/12es-trobades-culturals-pirinenques-natura-i-cultura-al-pirineu\/\" title=\"Read 12es TROBADES CULTURALS PIRINENQUES NATURA I CULTURA AL PIRINEU\">Llegeix m\u00e9s\u00bb<\/a><\/p>\n","protected":false},"author":4,"featured_media":0,"comment_status":"open","ping_status":"open","sticky":false,"template":"","format":"standard","meta":{"_bbp_topic_count":0,"_bbp_reply_count":0,"_bbp_total_topic_count":0,"_bbp_total_reply_count":0,"_bbp_voice_count":0,"_bbp_anonymous_reply_count":0,"_bbp_topic_count_hidden":0,"_bbp_reply_count_hidden":0,"_bbp_forum_subforum_count":0,"footnotes":""},"categories":[1,29],"tags":[],"class_list":["post-1333","post","type-post","status-publish","format-standard","hentry","category-general","category-portada"],"post_mailing_queue_ids":[],"_links":{"self":[{"href":"https:\/\/serveiseducatius.xtec.cat\/edadelcanigo\/wp-json\/wp\/v2\/posts\/1333","targetHints":{"allow":["GET"]}}],"collection":[{"href":"https:\/\/serveiseducatius.xtec.cat\/edadelcanigo\/wp-json\/wp\/v2\/posts"}],"about":[{"href":"https:\/\/serveiseducatius.xtec.cat\/edadelcanigo\/wp-json\/wp\/v2\/types\/post"}],"author":[{"embeddable":true,"href":"https:\/\/serveiseducatius.xtec.cat\/edadelcanigo\/wp-json\/wp\/v2\/users\/4"}],"replies":[{"embeddable":true,"href":"https:\/\/serveiseducatius.xtec.cat\/edadelcanigo\/wp-json\/wp\/v2\/comments?post=1333"}],"version-history":[{"count":1,"href":"https:\/\/serveiseducatius.xtec.cat\/edadelcanigo\/wp-json\/wp\/v2\/posts\/1333\/revisions"}],"predecessor-version":[{"id":8717,"href":"https:\/\/serveiseducatius.xtec.cat\/edadelcanigo\/wp-json\/wp\/v2\/posts\/1333\/revisions\/8717"}],"wp:attachment":[{"href":"https:\/\/serveiseducatius.xtec.cat\/edadelcanigo\/wp-json\/wp\/v2\/media?parent=1333"}],"wp:term":[{"taxonomy":"category","embeddable":true,"href":"https:\/\/serveiseducatius.xtec.cat\/edadelcanigo\/wp-json\/wp\/v2\/categories?post=1333"},{"taxonomy":"post_tag","embeddable":true,"href":"https:\/\/serveiseducatius.xtec.cat\/edadelcanigo\/wp-json\/wp\/v2\/tags?post=1333"}],"curies":[{"name":"wp","href":"https:\/\/api.w.org\/{rel}","templated":true}]}}