{"id":8898,"date":"2025-10-24T17:35:07","date_gmt":"2025-10-24T15:35:07","guid":{"rendered":"https:\/\/serveiseducatius.xtec.cat\/eda-cardona\/?p=8898"},"modified":"2025-10-27T08:38:14","modified_gmt":"2025-10-27T07:38:14","slug":"estada-amb-1r-deso-de-linstitut-giola","status":"publish","type":"post","link":"https:\/\/serveiseducatius.xtec.cat\/eda-cardona\/portada\/estada-amb-1r-deso-de-linstitut-giola\/","title":{"rendered":"Estada amb 1r d&#8217;ESO de l&#8217;institut Giola"},"content":{"rendered":"<p>Acabem la setmana amb la visita de l&#8217;alumnat de 1r d&#8217;ESO de l&#8217;institut Giola, de Llinars del Vall\u00e8s. Els alumnes han gaudit de la visita al castell de Cardona i han pogut tastar la sal que es troba a dins de la mina de la muntanya de sal.<\/p>\n<p>El segon dia han gaudit del meravell\u00f3s entorn que hi ha al voltant de la casa de col\u00f2nies de La Carral, on estan allotjats, fent l&#8217;activitat: <span style=\"text-decoration: underline;\">Tinc set, quina trio?<\/span> que consisteix en una activitat d&#8217;orientaci\u00f3 on han de trobar diverses fites per aix\u00ed aconseguir informaci\u00f3 per obrir els cofres, i en ells es troben diverses begudes. Aquestes contenen diferents quantitats de sucres i han de classificar-les segons siguin m\u00e9s o menys saludables a partir de l&#8217;an\u00e0lisi i raonament.<\/p>\n<p>Esperem que hagueu gaudit amb la vostra participaci\u00f3 en l&#8217;Entorn d&#8217;Aprenentatge de Cardona.<\/p>\n<p><a href=\"https:\/\/serveiseducatius.xtec.cat\/eda-cardona\/wp-content\/uploads\/usu1740\/2025\/10\/2121212.png\"><img loading=\"lazy\" decoding=\"async\" class=\"aligncenter size-full wp-image-8899\" src=\"https:\/\/serveiseducatius.xtec.cat\/eda-cardona\/wp-content\/uploads\/usu1740\/2025\/10\/2121212.png\" alt=\"\" width=\"517\" height=\"625\" srcset=\"https:\/\/serveiseducatius.xtec.cat\/eda-cardona\/wp-content\/uploads\/usu1740\/2025\/10\/2121212.png 517w, https:\/\/serveiseducatius.xtec.cat\/eda-cardona\/wp-content\/uploads\/usu1740\/2025\/10\/2121212-248x300.png 248w\" sizes=\"auto, (max-width: 517px) 100vw, 517px\" \/><\/a><\/p>\n","protected":false},"excerpt":{"rendered":"<p>Acabem la setmana amb la visita de l&#8217;alumnat de 1r d&#8217;ESO de l&#8217;institut Giola, de Llinars del Vall\u00e8s. Els alumnes han gaudit de la visita al castell de Cardona i han pogut tastar la sal que es troba a dins de la mina de la muntanya de sal. El segon dia han gaudit del meravell\u00f3s [&hellip;]<\/p>\n","protected":false},"author":1,"featured_media":8899,"comment_status":"open","ping_status":"open","sticky":false,"template":"","format":"standard","meta":{"_bbp_topic_count":0,"_bbp_reply_count":0,"_bbp_total_topic_count":0,"_bbp_total_reply_count":0,"_bbp_voice_count":0,"_bbp_anonymous_reply_count":0,"_bbp_topic_count_hidden":0,"_bbp_reply_count_hidden":0,"_bbp_forum_subforum_count":0,"site-sidebar-layout":"default","site-content-layout":"","ast-site-content-layout":"default","site-content-style":"default","site-sidebar-style":"default","ast-global-header-display":"","ast-banner-title-visibility":"","ast-main-header-display":"","ast-hfb-above-header-display":"","ast-hfb-below-header-display":"","ast-hfb-mobile-header-display":"","site-post-title":"","ast-breadcrumbs-content":"","ast-featured-img":"","footer-sml-layout":"","theme-transparent-header-meta":"default","adv-header-id-meta":"","stick-header-meta":"","header-above-stick-meta":"","header-main-stick-meta":"","header-below-stick-meta":"","astra-migrate-meta-layouts":"set","ast-page-background-enabled":"default","ast-page-background-meta":{"desktop":{"background-color":"var(--ast-global-color-4)","background-image":"","background-repeat":"repeat","background-position":"center center","background-size":"auto","background-attachment":"scroll","background-type":"","background-media":"","overlay-type":"","overlay-color":"","overlay-opacity":"","overlay-gradient":""},"tablet":{"background-color":"","background-image":"","background-repeat":"repeat","background-position":"center center","background-size":"auto","background-attachment":"scroll","background-type":"","background-media":"","overlay-type":"","overlay-color":"","overlay-opacity":"","overlay-gradient":""},"mobile":{"background-color":"","background-image":"","background-repeat":"repeat","background-position":"center center","background-size":"auto","background-attachment":"scroll","background-type":"","background-media":"","overlay-type":"","overlay-color":"","overlay-opacity":"","overlay-gradient":""}},"ast-content-background-meta":{"desktop":{"background-color":"var(--ast-global-color-5)","background-image":"","background-repeat":"repeat","background-position":"center center","background-size":"auto","background-attachment":"scroll","background-type":"","background-media":"","overlay-type":"","overlay-color":"","overlay-opacity":"","overlay-gradient":""},"tablet":{"background-color":"var(--ast-global-color-5)","background-image":"","background-repeat":"repeat","background-position":"center center","background-size":"auto","background-attachment":"scroll","background-type":"","background-media":"","overlay-type":"","overlay-color":"","overlay-opacity":"","overlay-gradient":""},"mobile":{"background-color":"var(--ast-global-color-5)","background-image":"","background-repeat":"repeat","background-position":"center center","background-size":"auto","background-attachment":"scroll","background-type":"","background-media":"","overlay-type":"","overlay-color":"","overlay-opacity":"","overlay-gradient":""}},"footnotes":""},"categories":[262,316,29],"tags":[317,318,320,319],"class_list":["post-8898","post","type-post","status-publish","format-standard","has-post-thumbnail","hentry","category-activitats","category-estades","category-portada","tag-aprendreambelscampsientorns","tag-campsientornsdaprenentatge","tag-estadaeda","tag-projecteeda"],"post_mailing_queue_ids":[],"_links":{"self":[{"href":"https:\/\/serveiseducatius.xtec.cat\/eda-cardona\/wp-json\/wp\/v2\/posts\/8898","targetHints":{"allow":["GET"]}}],"collection":[{"href":"https:\/\/serveiseducatius.xtec.cat\/eda-cardona\/wp-json\/wp\/v2\/posts"}],"about":[{"href":"https:\/\/serveiseducatius.xtec.cat\/eda-cardona\/wp-json\/wp\/v2\/types\/post"}],"author":[{"embeddable":true,"href":"https:\/\/serveiseducatius.xtec.cat\/eda-cardona\/wp-json\/wp\/v2\/users\/1"}],"replies":[{"embeddable":true,"href":"https:\/\/serveiseducatius.xtec.cat\/eda-cardona\/wp-json\/wp\/v2\/comments?post=8898"}],"version-history":[{"count":1,"href":"https:\/\/serveiseducatius.xtec.cat\/eda-cardona\/wp-json\/wp\/v2\/posts\/8898\/revisions"}],"predecessor-version":[{"id":8900,"href":"https:\/\/serveiseducatius.xtec.cat\/eda-cardona\/wp-json\/wp\/v2\/posts\/8898\/revisions\/8900"}],"wp:featuredmedia":[{"embeddable":true,"href":"https:\/\/serveiseducatius.xtec.cat\/eda-cardona\/wp-json\/wp\/v2\/media\/8899"}],"wp:attachment":[{"href":"https:\/\/serveiseducatius.xtec.cat\/eda-cardona\/wp-json\/wp\/v2\/media?parent=8898"}],"wp:term":[{"taxonomy":"category","embeddable":true,"href":"https:\/\/serveiseducatius.xtec.cat\/eda-cardona\/wp-json\/wp\/v2\/categories?post=8898"},{"taxonomy":"post_tag","embeddable":true,"href":"https:\/\/serveiseducatius.xtec.cat\/eda-cardona\/wp-json\/wp\/v2\/tags?post=8898"}],"curies":[{"name":"wp","href":"https:\/\/api.w.org\/{rel}","templated":true}]}}