{"id":9394,"date":"2017-04-04T13:09:19","date_gmt":"2017-04-04T11:09:19","guid":{"rendered":"http:\/\/serveiseducatius.xtec.cat\/credac-perebarnils\/?p=9394"},"modified":"2017-04-04T13:38:38","modified_gmt":"2017-04-04T11:38:38","slug":"portal-de-la-llengua-de-signes-catalana-de-liec","status":"publish","type":"post","link":"https:\/\/serveiseducatius.xtec.cat\/credac-perebarnils\/professionals\/portal-de-la-llengua-de-signes-catalana-de-liec\/","title":{"rendered":"Portal de la Llengua de Signes Catalana de l&#8217;IEC"},"content":{"rendered":"<p>Aqu\u00ed teniu el Portal de la Llengua de Signes Catalana de l&#8217;Institut d&#8217;Estudis Catalans. En aquest portal hi podreu trobar nocions de gram\u00e0tica b\u00e0sica de la llengua de signes i altres ajuts per l&#8217;estudi de la llengua. Tamb\u00e9 hi ha enlla\u00e7os d&#8217;inter\u00e8s, reculls de legislaci\u00f3 i altres informacions.<\/p>\n<p>Enlla\u00e7:\u00a0<a href=\"http:\/\/blogs.iec.cat\/lsc\/\">http:\/\/blogs.iec.cat\/lsc\/<\/a><\/p>\n<p><img decoding=\"async\" src=\"http:\/\/blogs.iec.cat\/lsc\/wp-content\/uploads\/sites\/31\/2011\/01\/bondia_catalunya.jpg\" \/><\/p>\n","protected":false},"excerpt":{"rendered":"<p>Aqu\u00ed teniu el Portal de la Llengua de Signes Catalana de l&#8217;Institut d&#8217;Estudis Catalans. En aquest portal hi podreu trobar nocions de gram\u00e0tica b\u00e0sica de la llengua de signes i altres ajuts per l&#8217;estudi de la llengua. Tamb\u00e9 hi ha enlla\u00e7os d&#8217;inter\u00e8s, reculls de legislaci\u00f3&hellip;  <a href=\"https:\/\/serveiseducatius.xtec.cat\/credac-perebarnils\/professionals\/portal-de-la-llengua-de-signes-catalana-de-liec\/\" title=\"Read Portal de la Llengua de Signes Catalana de l&#8217;IEC\">Llegeix m\u00e9s\u00bb<\/a><\/p>\n","protected":false},"author":1,"featured_media":9395,"comment_status":"open","ping_status":"open","sticky":false,"template":"","format":"standard","meta":{"_bbp_topic_count":0,"_bbp_reply_count":0,"_bbp_total_topic_count":0,"_bbp_total_reply_count":0,"_bbp_voice_count":0,"_bbp_anonymous_reply_count":0,"_bbp_topic_count_hidden":0,"_bbp_reply_count_hidden":0,"_bbp_forum_subforum_count":0,"footnotes":""},"categories":[288,296,281,273,264],"tags":[],"class_list":["post-9394","post","type-post","status-publish","format-standard","has-post-thumbnail","hentry","category-formacio","category-llengua-de-signes","category-materials","category-portada","category-professionals"],"post_mailing_queue_ids":[],"_links":{"self":[{"href":"https:\/\/serveiseducatius.xtec.cat\/credac-perebarnils\/wp-json\/wp\/v2\/posts\/9394","targetHints":{"allow":["GET"]}}],"collection":[{"href":"https:\/\/serveiseducatius.xtec.cat\/credac-perebarnils\/wp-json\/wp\/v2\/posts"}],"about":[{"href":"https:\/\/serveiseducatius.xtec.cat\/credac-perebarnils\/wp-json\/wp\/v2\/types\/post"}],"author":[{"embeddable":true,"href":"https:\/\/serveiseducatius.xtec.cat\/credac-perebarnils\/wp-json\/wp\/v2\/users\/1"}],"replies":[{"embeddable":true,"href":"https:\/\/serveiseducatius.xtec.cat\/credac-perebarnils\/wp-json\/wp\/v2\/comments?post=9394"}],"version-history":[{"count":3,"href":"https:\/\/serveiseducatius.xtec.cat\/credac-perebarnils\/wp-json\/wp\/v2\/posts\/9394\/revisions"}],"predecessor-version":[{"id":9402,"href":"https:\/\/serveiseducatius.xtec.cat\/credac-perebarnils\/wp-json\/wp\/v2\/posts\/9394\/revisions\/9402"}],"wp:featuredmedia":[{"embeddable":true,"href":"https:\/\/serveiseducatius.xtec.cat\/credac-perebarnils\/wp-json\/wp\/v2\/media\/9395"}],"wp:attachment":[{"href":"https:\/\/serveiseducatius.xtec.cat\/credac-perebarnils\/wp-json\/wp\/v2\/media?parent=9394"}],"wp:term":[{"taxonomy":"category","embeddable":true,"href":"https:\/\/serveiseducatius.xtec.cat\/credac-perebarnils\/wp-json\/wp\/v2\/categories?post=9394"},{"taxonomy":"post_tag","embeddable":true,"href":"https:\/\/serveiseducatius.xtec.cat\/credac-perebarnils\/wp-json\/wp\/v2\/tags?post=9394"}],"curies":[{"name":"wp","href":"https:\/\/api.w.org\/{rel}","templated":true}]}}