{"id":8260,"date":"2016-04-06T09:01:36","date_gmt":"2016-04-06T08:01:36","guid":{"rendered":"http:\/\/serveiseducatius.xtec.cat\/credac-perebarnils\/?p=8260"},"modified":"2019-03-28T15:38:46","modified_gmt":"2019-03-28T14:38:46","slug":"noticia-la-neurociencia-cognitiva-ayudara-a-solucionar-trastornos-del-habla","status":"publish","type":"post","link":"https:\/\/serveiseducatius.xtec.cat\/credac-perebarnils\/portada\/noticia-la-neurociencia-cognitiva-ayudara-a-solucionar-trastornos-del-habla\/","title":{"rendered":"La neurociencia cognitiva ayudar\u00e1 a solucionar trastornos del habla"},"content":{"rendered":"<p>Amb data d&#8217;ahir dia 8 de maig, al diari electr\u00f2nic d&#8217;ABC, va sortir publicada una not\u00edcia en la que es parla de com la neuroci\u00e8ncia pot ajudar a diagnosticar de manera efectiva i localitzada els trastorns de llenguatge, detectant les parts afectades. En V\u00edctor Acosta explica aquest fet i les perspectives que hi ha respecte al tema.<\/p>\n<p>Us deixem aqu\u00ed la not\u00edcia:<\/p>\n<p><a href=\"http:\/\/www.abc.es\/agencias\/noticia.asp?noticia=1162350\">http:\/\/www.abc.es\/agencias\/noticia.asp?noticia=1162350<\/a><\/p>\n<p><img decoding=\"async\" src=\"https:\/\/serveiseducatius.xtec.cat\/credac-perebarnils\/wp-content\/uploads\/usu1333\/2016\/04\/Selecci%C3%B3_999187.png\" \/><\/p>\n","protected":false},"excerpt":{"rendered":"<p>Article : com la neuroci\u00e8ncia pot ajudar de manera efectiva i localitzada els trastorns del llenguatge.&hellip;  <a href=\"https:\/\/serveiseducatius.xtec.cat\/credac-perebarnils\/portada\/noticia-la-neurociencia-cognitiva-ayudara-a-solucionar-trastornos-del-habla\/\" title=\"Read La neurociencia cognitiva ayudar\u00e1 a solucionar trastornos del habla\">Llegeix m\u00e9s\u00bb<\/a><\/p>\n","protected":false},"author":1,"featured_media":8262,"comment_status":"open","ping_status":"closed","sticky":false,"template":"","format":"standard","meta":{"_bbp_topic_count":0,"_bbp_reply_count":0,"_bbp_total_topic_count":0,"_bbp_total_reply_count":0,"_bbp_voice_count":0,"_bbp_anonymous_reply_count":0,"_bbp_topic_count_hidden":0,"_bbp_reply_count_hidden":0,"_bbp_forum_subforum_count":0,"footnotes":""},"categories":[287,273,298],"tags":[954,955,956],"class_list":["post-8260","post","type-post","status-publish","format-standard","has-post-thumbnail","hentry","category-als-mitjans","category-portada","category-pragmatica","tag-article","tag-neurociencia","tag-trastorns-del-llenguatge"],"post_mailing_queue_ids":[],"_links":{"self":[{"href":"https:\/\/serveiseducatius.xtec.cat\/credac-perebarnils\/wp-json\/wp\/v2\/posts\/8260","targetHints":{"allow":["GET"]}}],"collection":[{"href":"https:\/\/serveiseducatius.xtec.cat\/credac-perebarnils\/wp-json\/wp\/v2\/posts"}],"about":[{"href":"https:\/\/serveiseducatius.xtec.cat\/credac-perebarnils\/wp-json\/wp\/v2\/types\/post"}],"author":[{"embeddable":true,"href":"https:\/\/serveiseducatius.xtec.cat\/credac-perebarnils\/wp-json\/wp\/v2\/users\/1"}],"replies":[{"embeddable":true,"href":"https:\/\/serveiseducatius.xtec.cat\/credac-perebarnils\/wp-json\/wp\/v2\/comments?post=8260"}],"version-history":[{"count":3,"href":"https:\/\/serveiseducatius.xtec.cat\/credac-perebarnils\/wp-json\/wp\/v2\/posts\/8260\/revisions"}],"predecessor-version":[{"id":13834,"href":"https:\/\/serveiseducatius.xtec.cat\/credac-perebarnils\/wp-json\/wp\/v2\/posts\/8260\/revisions\/13834"}],"wp:featuredmedia":[{"embeddable":true,"href":"https:\/\/serveiseducatius.xtec.cat\/credac-perebarnils\/wp-json\/wp\/v2\/media\/8262"}],"wp:attachment":[{"href":"https:\/\/serveiseducatius.xtec.cat\/credac-perebarnils\/wp-json\/wp\/v2\/media?parent=8260"}],"wp:term":[{"taxonomy":"category","embeddable":true,"href":"https:\/\/serveiseducatius.xtec.cat\/credac-perebarnils\/wp-json\/wp\/v2\/categories?post=8260"},{"taxonomy":"post_tag","embeddable":true,"href":"https:\/\/serveiseducatius.xtec.cat\/credac-perebarnils\/wp-json\/wp\/v2\/tags?post=8260"}],"curies":[{"name":"wp","href":"https:\/\/api.w.org\/{rel}","templated":true}]}}