{"id":17935,"date":"2025-03-05T09:56:24","date_gmt":"2025-03-05T08:56:24","guid":{"rendered":"https:\/\/serveiseducatius.xtec.cat\/credac-perebarnils\/?p=17935"},"modified":"2025-03-05T09:57:04","modified_gmt":"2025-03-05T08:57:04","slug":"dues-noves-guies-quequesa-i-fissura-palatina","status":"publish","type":"post","link":"https:\/\/serveiseducatius.xtec.cat\/credac-perebarnils\/portada\/dues-noves-guies-quequesa-i-fissura-palatina\/","title":{"rendered":"Dues noves guies : quequesa i fissura palatina"},"content":{"rendered":"<p>Recentment, s&#8217;han publicat dos guies. Un fa refer\u00e8ncia\u00a0 a un trastorn de la parla, m\u00e9s ben dit, la tartamudesa o disf\u00e8mia. Es tracta d&#8217;un trastorn de la flu\u00efdesa de la parla. Ha estat elaborada per un grup de professionals qualificats en tartamudesa format per logopedes i psic\u00f2legs de la ATCAT (Associaci\u00f3 de la Tartamudesa a Catalunya).<\/p>\n<p>La segona guia tracta de la malformaci\u00f3 cong\u00e8nita que s&#8217;origina per la manca de fusi\u00f3 del paladar. Ha estat confeccionada per Gemma Torres i la Dra. Diana Boh\u00f3rquez de l&#8217;associaci\u00f3 FICAT (Associaci\u00f3 de Fissurats de Catalunya). Us posem a la vostra disposici\u00f3 les dues guies:<\/p>\n<p><strong><a href=\"https:\/\/serveiseducatius.xtec.cat\/credac-perebarnils\/wp-content\/uploads\/usu1333\/2025\/03\/ATCAT_guia_tartamudesa_families.pdf\">ATCAT_guia_tartamudesa_families<\/a><\/strong><\/p>\n<p><strong><a href=\"https:\/\/serveiseducatius.xtec.cat\/credac-perebarnils\/wp-content\/uploads\/usu1333\/2025\/03\/GUIA-DEL-HABLA-PARA-EL-NINO-O-NINA-CON-FISURA-PALATINA.pdf\">GUIA DEL HABLA PARA EL NIN\u0303O O NIN\u0303A CON FISURA PALATINA<\/a><\/strong><\/p>\n<p>&nbsp;<\/p>\n<p>&nbsp;<\/p>\n","protected":false},"excerpt":{"rendered":"<p>Recentment, s&#8217;han publicat dos guies. Un fa refer\u00e8ncia\u00a0 a un trastorn de la parla, m\u00e9s ben dit, la tartamudesa o disf\u00e8mia. Es tracta d&#8217;un trastorn de la flu\u00efdesa de la parla. Ha estat elaborada per un grup de professionals qualificats en tartamudesa format per logopedes&hellip;  <a href=\"https:\/\/serveiseducatius.xtec.cat\/credac-perebarnils\/portada\/dues-noves-guies-quequesa-i-fissura-palatina\/\" title=\"Read Dues noves guies : quequesa i fissura palatina\">Llegeix m\u00e9s\u00bb<\/a><\/p>\n","protected":false},"author":7,"featured_media":17939,"comment_status":"open","ping_status":"closed","sticky":false,"template":"","format":"standard","meta":{"_bbp_topic_count":0,"_bbp_reply_count":0,"_bbp_total_topic_count":0,"_bbp_total_reply_count":0,"_bbp_voice_count":0,"_bbp_anonymous_reply_count":0,"_bbp_topic_count_hidden":0,"_bbp_reply_count_hidden":0,"_bbp_forum_subforum_count":0,"footnotes":""},"categories":[273],"tags":[1531],"class_list":["post-17935","post","type-post","status-publish","format-standard","has-post-thumbnail","hentry","category-portada","tag-quequesa-guies-fissura-palatina-guies"],"post_mailing_queue_ids":[],"_links":{"self":[{"href":"https:\/\/serveiseducatius.xtec.cat\/credac-perebarnils\/wp-json\/wp\/v2\/posts\/17935","targetHints":{"allow":["GET"]}}],"collection":[{"href":"https:\/\/serveiseducatius.xtec.cat\/credac-perebarnils\/wp-json\/wp\/v2\/posts"}],"about":[{"href":"https:\/\/serveiseducatius.xtec.cat\/credac-perebarnils\/wp-json\/wp\/v2\/types\/post"}],"author":[{"embeddable":true,"href":"https:\/\/serveiseducatius.xtec.cat\/credac-perebarnils\/wp-json\/wp\/v2\/users\/7"}],"replies":[{"embeddable":true,"href":"https:\/\/serveiseducatius.xtec.cat\/credac-perebarnils\/wp-json\/wp\/v2\/comments?post=17935"}],"version-history":[{"count":3,"href":"https:\/\/serveiseducatius.xtec.cat\/credac-perebarnils\/wp-json\/wp\/v2\/posts\/17935\/revisions"}],"predecessor-version":[{"id":17941,"href":"https:\/\/serveiseducatius.xtec.cat\/credac-perebarnils\/wp-json\/wp\/v2\/posts\/17935\/revisions\/17941"}],"wp:featuredmedia":[{"embeddable":true,"href":"https:\/\/serveiseducatius.xtec.cat\/credac-perebarnils\/wp-json\/wp\/v2\/media\/17939"}],"wp:attachment":[{"href":"https:\/\/serveiseducatius.xtec.cat\/credac-perebarnils\/wp-json\/wp\/v2\/media?parent=17935"}],"wp:term":[{"taxonomy":"category","embeddable":true,"href":"https:\/\/serveiseducatius.xtec.cat\/credac-perebarnils\/wp-json\/wp\/v2\/categories?post=17935"},{"taxonomy":"post_tag","embeddable":true,"href":"https:\/\/serveiseducatius.xtec.cat\/credac-perebarnils\/wp-json\/wp\/v2\/tags?post=17935"}],"curies":[{"name":"wp","href":"https:\/\/api.w.org\/{rel}","templated":true}]}}