{"id":17810,"date":"2024-05-30T15:23:57","date_gmt":"2024-05-30T13:23:57","guid":{"rendered":"https:\/\/serveiseducatius.xtec.cat\/credac-perebarnils\/?p=17810"},"modified":"2024-05-30T15:28:57","modified_gmt":"2024-05-30T13:28:57","slug":"gracies-a-sant-joan-de-deu-el-meu-fill-ha-participat-en-un-assaig-clinic-i-ha-pogut-sentir-per-primer-cop","status":"publish","type":"post","link":"https:\/\/serveiseducatius.xtec.cat\/credac-perebarnils\/general\/gracies-a-sant-joan-de-deu-el-meu-fill-ha-participat-en-un-assaig-clinic-i-ha-pogut-sentir-per-primer-cop\/","title":{"rendered":"&#8220;Gr\u00e0cies a Sant Joan de D\u00e9u el meu fill ha participat en un assaig cl\u00ednic i ha pogut sentir per primer cop&#8221;"},"content":{"rendered":"<p>Aissam, un noi de 12 anys, que va n\u00e9ixer amb una sordesa pregona cong\u00e8nita ha pogut recuperar l&#8217;audici\u00f3 gr\u00e0cies a una ter\u00e0pia g\u00e8nica. Us enllacem a la not\u00edcia publicada a l&#8217;entorn de not\u00edcies de l&#8217;Hospital de Sant Joan de D\u00e9u. Cliqueu <a href=\"https:\/\/www.sjdhospitalbarcelona.org\/ca\/noticies\/gracies-sant-joan-deu-meu-fill-ha-participat-assaig-clinic-ha-pogut-sentir-primer-cop\">aqu\u00ed<\/a><\/p>\n<p><img decoding=\"async\" src=\"https:\/\/serveiseducatius.xtec.cat\/credac-perebarnils\/wp-content\/uploads\/usu1333\/2024\/05\/pacient-oliver-haag-terapia-genica-hospital-sant-joan-deu-barcelona.jpg\" \/><\/p>\n<p>&nbsp;<\/p>\n","protected":false},"excerpt":{"rendered":"<p>Aissam, un noi de 12 anys, que va n\u00e9ixer amb una sordesa pregona cong\u00e8nita ha pogut recuperar l&#8217;audici\u00f3 gr\u00e0cies a una ter\u00e0pia g\u00e8nica. Us enllacem a la not\u00edcia publicada a l&#8217;entorn de not\u00edcies de l&#8217;Hospital de Sant Joan de D\u00e9u. Cliqueu <a href=\"https:\/\/www.sjdhospitalbarcelona.org\/ca\/noticies\/gracies-sant-joan-deu-meu-fill-ha-participat-assaig-clinic-ha-pogut-sentir-primer-cop\">aqu\u00ed<\/a><\/p>\n<p>&nbsp;<\/p>\n","protected":false},"author":7,"featured_media":17812,"comment_status":"open","ping_status":"closed","sticky":false,"template":"","format":"standard","meta":{"_bbp_topic_count":0,"_bbp_reply_count":0,"_bbp_total_topic_count":0,"_bbp_total_reply_count":0,"_bbp_voice_count":0,"_bbp_anonymous_reply_count":0,"_bbp_topic_count_hidden":0,"_bbp_reply_count_hidden":0,"_bbp_forum_subforum_count":0,"footnotes":""},"categories":[1,273],"tags":[1529,1522,1070,1528],"class_list":["post-17810","post","type-post","status-publish","format-standard","has-post-thumbnail","hentry","category-general","category-portada","tag-guariment","tag-hospital-sant-joan-de-deu","tag-sordesa","tag-terapia-genica"],"post_mailing_queue_ids":[],"_links":{"self":[{"href":"https:\/\/serveiseducatius.xtec.cat\/credac-perebarnils\/wp-json\/wp\/v2\/posts\/17810","targetHints":{"allow":["GET"]}}],"collection":[{"href":"https:\/\/serveiseducatius.xtec.cat\/credac-perebarnils\/wp-json\/wp\/v2\/posts"}],"about":[{"href":"https:\/\/serveiseducatius.xtec.cat\/credac-perebarnils\/wp-json\/wp\/v2\/types\/post"}],"author":[{"embeddable":true,"href":"https:\/\/serveiseducatius.xtec.cat\/credac-perebarnils\/wp-json\/wp\/v2\/users\/7"}],"replies":[{"embeddable":true,"href":"https:\/\/serveiseducatius.xtec.cat\/credac-perebarnils\/wp-json\/wp\/v2\/comments?post=17810"}],"version-history":[{"count":2,"href":"https:\/\/serveiseducatius.xtec.cat\/credac-perebarnils\/wp-json\/wp\/v2\/posts\/17810\/revisions"}],"predecessor-version":[{"id":17813,"href":"https:\/\/serveiseducatius.xtec.cat\/credac-perebarnils\/wp-json\/wp\/v2\/posts\/17810\/revisions\/17813"}],"wp:featuredmedia":[{"embeddable":true,"href":"https:\/\/serveiseducatius.xtec.cat\/credac-perebarnils\/wp-json\/wp\/v2\/media\/17812"}],"wp:attachment":[{"href":"https:\/\/serveiseducatius.xtec.cat\/credac-perebarnils\/wp-json\/wp\/v2\/media?parent=17810"}],"wp:term":[{"taxonomy":"category","embeddable":true,"href":"https:\/\/serveiseducatius.xtec.cat\/credac-perebarnils\/wp-json\/wp\/v2\/categories?post=17810"},{"taxonomy":"post_tag","embeddable":true,"href":"https:\/\/serveiseducatius.xtec.cat\/credac-perebarnils\/wp-json\/wp\/v2\/tags?post=17810"}],"curies":[{"name":"wp","href":"https:\/\/api.w.org\/{rel}","templated":true}]}}