{"id":17769,"date":"2024-04-04T12:09:29","date_gmt":"2024-04-04T10:09:29","guid":{"rendered":"https:\/\/serveiseducatius.xtec.cat\/credac-perebarnils\/?p=17769"},"modified":"2024-04-04T12:09:29","modified_gmt":"2024-04-04T10:09:29","slug":"el-creda-pere-barnils-es-present-a-les-jornades-dacpcreda","status":"publish","type":"post","link":"https:\/\/serveiseducatius.xtec.cat\/credac-perebarnils\/portada\/el-creda-pere-barnils-es-present-a-les-jornades-dacpcreda\/","title":{"rendered":"El CREDA Pere Barnils \u00e9s present a les jornades d&#8217;ACPCREDA"},"content":{"rendered":"<p>Els dies 15 i 16 de mar\u00e7, una nombrosa representaci\u00f3 del nostre CREDA va assistir a les VI\u00a0 Jornades de Formaci\u00f3 organitzades per l&#8217;ACPCREDA, l&#8217;<em>Associaci\u00f3 Catalana de Professionals dels CREDA.<\/em> Va ser una oportunitat de trobar-se amb professionals dels altres CREDA, per\u00f2 tamb\u00e9 de formar-se. Es va celebrar al Campus de la Ciutadella, de la Universitat Pompeu Fabra.<\/p>\n<p><a href=\"https:\/\/serveiseducatius.xtec.cat\/credac-perebarnils\/wp-content\/uploads\/usu1333\/2024\/04\/jornades-acpcreda.jpg\"><img loading=\"lazy\" decoding=\"async\" class=\"alignnone size-full wp-image-17770\" src=\"https:\/\/serveiseducatius.xtec.cat\/credac-perebarnils\/wp-content\/uploads\/usu1333\/2024\/04\/jornades-acpcreda.jpg\" alt=\"\" width=\"727\" height=\"278\" srcset=\"https:\/\/serveiseducatius.xtec.cat\/credac-perebarnils\/wp-content\/uploads\/usu1333\/2024\/04\/jornades-acpcreda.jpg 727w, https:\/\/serveiseducatius.xtec.cat\/credac-perebarnils\/wp-content\/uploads\/usu1333\/2024\/04\/jornades-acpcreda-300x115.jpg 300w\" sizes=\"auto, (max-width: 727px) 100vw, 727px\" \/><\/a><\/p>\n","protected":false},"excerpt":{"rendered":"<p>Els dies 15 i 16 de mar\u00e7, una nombrosa representaci\u00f3 del nostre CREDA va assistir a les VI\u00a0 Jornades de Formaci\u00f3 organitzades per l&#8217;ACPCREDA, l&#8217;Associaci\u00f3 Catalana de Professionals dels CREDA. Va ser una oportunitat de trobar-se amb professionals dels altres CREDA, per\u00f2 tamb\u00e9 de formar-se.&hellip;  <a href=\"https:\/\/serveiseducatius.xtec.cat\/credac-perebarnils\/portada\/el-creda-pere-barnils-es-present-a-les-jornades-dacpcreda\/\" title=\"Read El CREDA Pere Barnils \u00e9s present a les jornades d&#8217;ACPCREDA\">Llegeix m\u00e9s\u00bb<\/a><\/p>\n","protected":false},"author":7,"featured_media":17771,"comment_status":"open","ping_status":"closed","sticky":false,"template":"","format":"standard","meta":{"_bbp_topic_count":0,"_bbp_reply_count":0,"_bbp_total_topic_count":0,"_bbp_total_reply_count":0,"_bbp_voice_count":0,"_bbp_anonymous_reply_count":0,"_bbp_topic_count_hidden":0,"_bbp_reply_count_hidden":0,"_bbp_forum_subforum_count":0,"footnotes":""},"categories":[273],"tags":[1350,1128,1525],"class_list":["post-17769","post","type-post","status-publish","format-standard","has-post-thumbnail","hentry","category-portada","tag-creda","tag-jornades","tag-professionals-creda"],"post_mailing_queue_ids":[],"_links":{"self":[{"href":"https:\/\/serveiseducatius.xtec.cat\/credac-perebarnils\/wp-json\/wp\/v2\/posts\/17769","targetHints":{"allow":["GET"]}}],"collection":[{"href":"https:\/\/serveiseducatius.xtec.cat\/credac-perebarnils\/wp-json\/wp\/v2\/posts"}],"about":[{"href":"https:\/\/serveiseducatius.xtec.cat\/credac-perebarnils\/wp-json\/wp\/v2\/types\/post"}],"author":[{"embeddable":true,"href":"https:\/\/serveiseducatius.xtec.cat\/credac-perebarnils\/wp-json\/wp\/v2\/users\/7"}],"replies":[{"embeddable":true,"href":"https:\/\/serveiseducatius.xtec.cat\/credac-perebarnils\/wp-json\/wp\/v2\/comments?post=17769"}],"version-history":[{"count":1,"href":"https:\/\/serveiseducatius.xtec.cat\/credac-perebarnils\/wp-json\/wp\/v2\/posts\/17769\/revisions"}],"predecessor-version":[{"id":17772,"href":"https:\/\/serveiseducatius.xtec.cat\/credac-perebarnils\/wp-json\/wp\/v2\/posts\/17769\/revisions\/17772"}],"wp:featuredmedia":[{"embeddable":true,"href":"https:\/\/serveiseducatius.xtec.cat\/credac-perebarnils\/wp-json\/wp\/v2\/media\/17771"}],"wp:attachment":[{"href":"https:\/\/serveiseducatius.xtec.cat\/credac-perebarnils\/wp-json\/wp\/v2\/media?parent=17769"}],"wp:term":[{"taxonomy":"category","embeddable":true,"href":"https:\/\/serveiseducatius.xtec.cat\/credac-perebarnils\/wp-json\/wp\/v2\/categories?post=17769"},{"taxonomy":"post_tag","embeddable":true,"href":"https:\/\/serveiseducatius.xtec.cat\/credac-perebarnils\/wp-json\/wp\/v2\/tags?post=17769"}],"curies":[{"name":"wp","href":"https:\/\/api.w.org\/{rel}","templated":true}]}}