{"id":17677,"date":"2023-12-19T12:48:13","date_gmt":"2023-12-19T11:48:13","guid":{"rendered":"https:\/\/serveiseducatius.xtec.cat\/credac-perebarnils\/?p=17677"},"modified":"2023-12-19T12:50:02","modified_gmt":"2023-12-19T11:50:02","slug":"trobada-de-families-de-letapa-de-0-3-anys-a-les-portes-del-nadal","status":"publish","type":"post","link":"https:\/\/serveiseducatius.xtec.cat\/credac-perebarnils\/portada\/trobada-de-families-de-letapa-de-0-3-anys-a-les-portes-del-nadal\/","title":{"rendered":"Trobada de fam\u00edlies de l\u2019etapa de 0-3 anys a les portes del Nadal"},"content":{"rendered":"<p><span style=\"font-weight: 400;\">El divendres 15 de desembre es va fer la primera trobada de fam\u00edlies d\u2019infants amb sordesa d\u2019aquest curs.\u00a0<\/span><\/p>\n<p><span style=\"font-weight: 400;\">Fam\u00edlies i professionals vam conversar, intercanviar experi\u00e8ncies i reflexions, mentre pren\u00edem caf\u00e8 i els infants jugaven entre rialles. Despr\u00e9s vam fer cagar el ti\u00f3 i cada infant va rebre un regalet. Vam passar una estona molt agradable!<\/span><\/p>\n<p><span style=\"font-weight: 400;\">Agra\u00efm a tothom la seva assist\u00e8ncia i esperem continuar fent altres trobades en un futur proper!<\/span><\/p>\n<p><a href=\"https:\/\/serveiseducatius.xtec.cat\/credac-perebarnils\/wp-content\/uploads\/usu1333\/2023\/12\/PHOTO-2023-12-15-19-31-10.jpg\"><img loading=\"lazy\" decoding=\"async\" class=\"alignnone size-large wp-image-17682\" src=\"https:\/\/serveiseducatius.xtec.cat\/credac-perebarnils\/wp-content\/uploads\/usu1333\/2023\/12\/PHOTO-2023-12-15-19-31-10-1024x473.jpg\" alt=\"\" width=\"1024\" height=\"473\" srcset=\"https:\/\/serveiseducatius.xtec.cat\/credac-perebarnils\/wp-content\/uploads\/usu1333\/2023\/12\/PHOTO-2023-12-15-19-31-10-1024x473.jpg 1024w, https:\/\/serveiseducatius.xtec.cat\/credac-perebarnils\/wp-content\/uploads\/usu1333\/2023\/12\/PHOTO-2023-12-15-19-31-10-300x138.jpg 300w, https:\/\/serveiseducatius.xtec.cat\/credac-perebarnils\/wp-content\/uploads\/usu1333\/2023\/12\/PHOTO-2023-12-15-19-31-10-768x354.jpg 768w, https:\/\/serveiseducatius.xtec.cat\/credac-perebarnils\/wp-content\/uploads\/usu1333\/2023\/12\/PHOTO-2023-12-15-19-31-10-1536x709.jpg 1536w, https:\/\/serveiseducatius.xtec.cat\/credac-perebarnils\/wp-content\/uploads\/usu1333\/2023\/12\/PHOTO-2023-12-15-19-31-10.jpg 2048w\" sizes=\"auto, (max-width: 1024px) 100vw, 1024px\" \/><\/a><\/p>\n<p>&nbsp;<\/p>\n","protected":false},"excerpt":{"rendered":"<p>El divendres 15 de desembre es va fer la primera trobada de fam\u00edlies d\u2019infants amb sordesa d\u2019aquest curs.\u00a0<br \/>\nFam\u00edlies i professionals vam conversar, intercanviar experi\u00e8ncies i reflexions, mentre pren\u00edem caf\u00e8 i els infants jugaven entre rialles. Despr\u00e9s vam fer cagar el ti\u00f3 i cada infant va&hellip;  <a href=\"https:\/\/serveiseducatius.xtec.cat\/credac-perebarnils\/portada\/trobada-de-families-de-letapa-de-0-3-anys-a-les-portes-del-nadal\/\" title=\"Read Trobada de fam\u00edlies de l\u2019etapa de 0-3 anys a les portes del Nadal\">Llegeix m\u00e9s\u00bb<\/a><\/p>\n","protected":false},"author":7,"featured_media":17681,"comment_status":"open","ping_status":"closed","sticky":false,"template":"","format":"standard","meta":{"_bbp_topic_count":0,"_bbp_reply_count":0,"_bbp_total_topic_count":0,"_bbp_total_reply_count":0,"_bbp_voice_count":0,"_bbp_anonymous_reply_count":0,"_bbp_topic_count_hidden":0,"_bbp_reply_count_hidden":0,"_bbp_forum_subforum_count":0,"footnotes":""},"categories":[273],"tags":[1071,1139,1501],"class_list":["post-17677","post","type-post","status-publish","format-standard","has-post-thumbnail","hentry","category-portada","tag-families-0-3","tag-nadal","tag-trobada"],"post_mailing_queue_ids":[],"_links":{"self":[{"href":"https:\/\/serveiseducatius.xtec.cat\/credac-perebarnils\/wp-json\/wp\/v2\/posts\/17677","targetHints":{"allow":["GET"]}}],"collection":[{"href":"https:\/\/serveiseducatius.xtec.cat\/credac-perebarnils\/wp-json\/wp\/v2\/posts"}],"about":[{"href":"https:\/\/serveiseducatius.xtec.cat\/credac-perebarnils\/wp-json\/wp\/v2\/types\/post"}],"author":[{"embeddable":true,"href":"https:\/\/serveiseducatius.xtec.cat\/credac-perebarnils\/wp-json\/wp\/v2\/users\/7"}],"replies":[{"embeddable":true,"href":"https:\/\/serveiseducatius.xtec.cat\/credac-perebarnils\/wp-json\/wp\/v2\/comments?post=17677"}],"version-history":[{"count":2,"href":"https:\/\/serveiseducatius.xtec.cat\/credac-perebarnils\/wp-json\/wp\/v2\/posts\/17677\/revisions"}],"predecessor-version":[{"id":17683,"href":"https:\/\/serveiseducatius.xtec.cat\/credac-perebarnils\/wp-json\/wp\/v2\/posts\/17677\/revisions\/17683"}],"wp:featuredmedia":[{"embeddable":true,"href":"https:\/\/serveiseducatius.xtec.cat\/credac-perebarnils\/wp-json\/wp\/v2\/media\/17681"}],"wp:attachment":[{"href":"https:\/\/serveiseducatius.xtec.cat\/credac-perebarnils\/wp-json\/wp\/v2\/media?parent=17677"}],"wp:term":[{"taxonomy":"category","embeddable":true,"href":"https:\/\/serveiseducatius.xtec.cat\/credac-perebarnils\/wp-json\/wp\/v2\/categories?post=17677"},{"taxonomy":"post_tag","embeddable":true,"href":"https:\/\/serveiseducatius.xtec.cat\/credac-perebarnils\/wp-json\/wp\/v2\/tags?post=17677"}],"curies":[{"name":"wp","href":"https:\/\/api.w.org\/{rel}","templated":true}]}}