{"id":17500,"date":"2023-03-30T10:03:25","date_gmt":"2023-03-30T08:03:25","guid":{"rendered":"https:\/\/serveiseducatius.xtec.cat\/credac-perebarnils\/?p=17500"},"modified":"2023-03-30T10:04:03","modified_gmt":"2023-03-30T08:04:03","slug":"presentacio-de-la-catalogacio-del-material-historic-per-carles-llombart-rosa-ma-canellas-i-marissa-vila","status":"publish","type":"post","link":"https:\/\/serveiseducatius.xtec.cat\/credac-perebarnils\/portada\/presentacio-de-la-catalogacio-del-material-historic-per-carles-llombart-rosa-ma-canellas-i-marissa-vila\/","title":{"rendered":"Presentaci\u00f3 de la catalogaci\u00f3 del material hist\u00f2ric"},"content":{"rendered":"<div>El dimarts dia 28 de mar\u00e7, durant la reuni\u00f3 general de les professionals del CREDA Pere Barnils, l&#8217;equip de professionals jubilats varen presentar-nos la catalogaci\u00f3 del material hist\u00f2ric que han realitzat durant els darrers cursos.<\/div>\n<div>En Carles Llombart, la Rosa M\u00aa Ca\u00f1ellas i la Marissa Vila han triat i catalogat el material que s&#8217;havia acumulat duran 200 anys d&#8217;hist\u00f2ria de l&#8217;educaci\u00f3 del sord a Barcelona. Tot i que molt material s&#8217;ha perdut, el que queda ens demostra la feina realitzada durant dos segles, llavors, sense els implants coclears, i quasi sense cap amplificaci\u00f3 auditiva, la feina que s&#8217;havia de realitzar per aconseguir que els alumnes sords es comuniquessin era tit\u00e0nica. Gr\u00e0cies a tots tres per la feina i la presentaci\u00f3 que ens heu fet!<\/div>\n<div><\/div>\n<div><\/div>\n<div><a href=\"https:\/\/serveiseducatius.xtec.cat\/credac-perebarnils\/wp-content\/uploads\/usu1333\/2023\/03\/IMG-20230328-WA0036.jpg\"><img loading=\"lazy\" decoding=\"async\" class=\"alignnone size-large wp-image-17502\" src=\"https:\/\/serveiseducatius.xtec.cat\/credac-perebarnils\/wp-content\/uploads\/usu1333\/2023\/03\/IMG-20230328-WA0036-1024x771.jpg\" alt=\"\" width=\"1024\" height=\"771\" srcset=\"https:\/\/serveiseducatius.xtec.cat\/credac-perebarnils\/wp-content\/uploads\/usu1333\/2023\/03\/IMG-20230328-WA0036-1024x771.jpg 1024w, https:\/\/serveiseducatius.xtec.cat\/credac-perebarnils\/wp-content\/uploads\/usu1333\/2023\/03\/IMG-20230328-WA0036-300x226.jpg 300w, https:\/\/serveiseducatius.xtec.cat\/credac-perebarnils\/wp-content\/uploads\/usu1333\/2023\/03\/IMG-20230328-WA0036-768x578.jpg 768w, https:\/\/serveiseducatius.xtec.cat\/credac-perebarnils\/wp-content\/uploads\/usu1333\/2023\/03\/IMG-20230328-WA0036-1536x1156.jpg 1536w, https:\/\/serveiseducatius.xtec.cat\/credac-perebarnils\/wp-content\/uploads\/usu1333\/2023\/03\/IMG-20230328-WA0036-200x150.jpg 200w, https:\/\/serveiseducatius.xtec.cat\/credac-perebarnils\/wp-content\/uploads\/usu1333\/2023\/03\/IMG-20230328-WA0036.jpg 1600w\" sizes=\"auto, (max-width: 1024px) 100vw, 1024px\" \/><\/a><\/div>\n","protected":false},"excerpt":{"rendered":"<p>El dimarts dia 28 de mar\u00e7, durant la reuni\u00f3 general de les professionals del CREDA Pere Barnils, l&#8217;equip de professionals jubilats varen presentar-nos la catalogaci\u00f3 del material hist\u00f2ric que han realitzat durant els darrers cursos.<br \/>\nEn Carles Llombart, la Rosa M\u00aa Ca\u00f1ellas i la Marissa Vila&hellip;  <a href=\"https:\/\/serveiseducatius.xtec.cat\/credac-perebarnils\/portada\/presentacio-de-la-catalogacio-del-material-historic-per-carles-llombart-rosa-ma-canellas-i-marissa-vila\/\" title=\"Read Presentaci\u00f3 de la catalogaci\u00f3 del material hist\u00f2ric\">Llegeix m\u00e9s\u00bb<\/a><\/p>\n","protected":false},"author":7,"featured_media":17501,"comment_status":"open","ping_status":"closed","sticky":false,"template":"","format":"standard","meta":{"_bbp_topic_count":0,"_bbp_reply_count":0,"_bbp_total_topic_count":0,"_bbp_total_reply_count":0,"_bbp_voice_count":0,"_bbp_anonymous_reply_count":0,"_bbp_topic_count_hidden":0,"_bbp_reply_count_hidden":0,"_bbp_forum_subforum_count":0,"footnotes":""},"categories":[273],"tags":[1505,1504,1506],"class_list":["post-17500","post","type-post","status-publish","format-standard","has-post-thumbnail","hentry","category-portada","tag-catalogacio","tag-material-historic","tag-presentacio"],"post_mailing_queue_ids":[],"_links":{"self":[{"href":"https:\/\/serveiseducatius.xtec.cat\/credac-perebarnils\/wp-json\/wp\/v2\/posts\/17500","targetHints":{"allow":["GET"]}}],"collection":[{"href":"https:\/\/serveiseducatius.xtec.cat\/credac-perebarnils\/wp-json\/wp\/v2\/posts"}],"about":[{"href":"https:\/\/serveiseducatius.xtec.cat\/credac-perebarnils\/wp-json\/wp\/v2\/types\/post"}],"author":[{"embeddable":true,"href":"https:\/\/serveiseducatius.xtec.cat\/credac-perebarnils\/wp-json\/wp\/v2\/users\/7"}],"replies":[{"embeddable":true,"href":"https:\/\/serveiseducatius.xtec.cat\/credac-perebarnils\/wp-json\/wp\/v2\/comments?post=17500"}],"version-history":[{"count":2,"href":"https:\/\/serveiseducatius.xtec.cat\/credac-perebarnils\/wp-json\/wp\/v2\/posts\/17500\/revisions"}],"predecessor-version":[{"id":17504,"href":"https:\/\/serveiseducatius.xtec.cat\/credac-perebarnils\/wp-json\/wp\/v2\/posts\/17500\/revisions\/17504"}],"wp:featuredmedia":[{"embeddable":true,"href":"https:\/\/serveiseducatius.xtec.cat\/credac-perebarnils\/wp-json\/wp\/v2\/media\/17501"}],"wp:attachment":[{"href":"https:\/\/serveiseducatius.xtec.cat\/credac-perebarnils\/wp-json\/wp\/v2\/media?parent=17500"}],"wp:term":[{"taxonomy":"category","embeddable":true,"href":"https:\/\/serveiseducatius.xtec.cat\/credac-perebarnils\/wp-json\/wp\/v2\/categories?post=17500"},{"taxonomy":"post_tag","embeddable":true,"href":"https:\/\/serveiseducatius.xtec.cat\/credac-perebarnils\/wp-json\/wp\/v2\/tags?post=17500"}],"curies":[{"name":"wp","href":"https:\/\/api.w.org\/{rel}","templated":true}]}}