{"id":17470,"date":"2023-02-23T09:35:59","date_gmt":"2023-02-23T08:35:59","guid":{"rendered":"https:\/\/serveiseducatius.xtec.cat\/credac-perebarnils\/?p=17470"},"modified":"2023-02-24T12:23:44","modified_gmt":"2023-02-24T11:23:44","slug":"seminari-de-formacio-continuada-trastorn-de-lespectre-de-neuropatia-auditiva-a-carrec-de-lequip-orl-hospital-de-sant-joan-de-deu-17-de-febrer","status":"publish","type":"post","link":"https:\/\/serveiseducatius.xtec.cat\/credac-perebarnils\/portada\/seminari-de-formacio-continuada-trastorn-de-lespectre-de-neuropatia-auditiva-a-carrec-de-lequip-orl-hospital-de-sant-joan-de-deu-17-de-febrer\/","title":{"rendered":"Seminari de formaci\u00f3 continuada: Trastorn de l&#8217;espectre de neuropatia auditiva a c\u00e0rrec de l&#8217;equip ORL Hospital de Sant Joan de D\u00e9u. 17 de febrer"},"content":{"rendered":"<p>El proppassat divendres 17 de febrer es va celebrar a la Casa del Mar, el\u00a0<em>Seminari\u00a0 de formaci\u00f3 continuada del trastorn de l&#8217;espectre de neuropatia auditiva.\u00a0<\/em>Va anar a c\u00e0rrec de l&#8217;equip d&#8217;otorrinolaringologia (ORL) de l&#8217;Hospital Sant Joan de D\u00e9u, dirigit per la doctora M\u00aa Ant\u00f2nia Claveria. Hi van assistir els professionals de quatre CREDA: el CREDA Pere Barnils, el CREDA del Baix\u00a0 Llobregat, el CREDA Comarques II (Badalona, Sta. Coloma i St. Adri\u00e0 del Bes\u00f2s) i el CREDA Comarques IV (L&#8217;Hospitalet de Llobregat, Garraf i Pened\u00e8s).<\/p>\n<p>Es van tractar aspectes dins la neuropatia auditiva: m\u00e8dics, audiol\u00f2gics, adaptaci\u00f3 prot\u00e8tica en implants coclears i intervenci\u00f3 logop\u00e8dica.<\/p>\n<p>No cal dir que va ser una formaci\u00f3 ben profitosa i interessant per a tothom qui va assistir. Des d&#8217;aqu\u00ed agra\u00efm la gran labor que fa l&#8217;equip d&#8217;ORL de Sant Joan de D\u00e9u!<\/p>\n<p>&nbsp;<\/p>\n<p><a href=\"https:\/\/serveiseducatius.xtec.cat\/credac-perebarnils\/wp-content\/uploads\/usu1333\/2023\/02\/1676976228621.jpg\"><img loading=\"lazy\" decoding=\"async\" class=\"alignnone wp-image-17473\" src=\"https:\/\/serveiseducatius.xtec.cat\/credac-perebarnils\/wp-content\/uploads\/usu1333\/2023\/02\/1676976228621.jpg\" alt=\"\" width=\"814\" height=\"171\" srcset=\"https:\/\/serveiseducatius.xtec.cat\/credac-perebarnils\/wp-content\/uploads\/usu1333\/2023\/02\/1676976228621.jpg 448w, https:\/\/serveiseducatius.xtec.cat\/credac-perebarnils\/wp-content\/uploads\/usu1333\/2023\/02\/1676976228621-300x63.jpg 300w\" sizes=\"auto, (max-width: 814px) 100vw, 814px\" \/><\/a><\/p>\n<p>&nbsp;<\/p>\n<p>&nbsp;<\/p>\n<p>.<\/p>\n","protected":false},"excerpt":{"rendered":"<p>El proppassat divendres 17 de febrer es va celebrar a la Casa del Mar, el\u00a0Seminari\u00a0 de formaci\u00f3 continuada del trastorn de l&#8217;espectre de neuropatia auditiva.\u00a0Va anar a c\u00e0rrec de l&#8217;equip d&#8217;otorrinolaringologia (ORL) de l&#8217;Hospital Sant Joan de D\u00e9u, dirigit per la doctora M\u00aa Ant\u00f2nia Claveria.&hellip;  <a href=\"https:\/\/serveiseducatius.xtec.cat\/credac-perebarnils\/portada\/seminari-de-formacio-continuada-trastorn-de-lespectre-de-neuropatia-auditiva-a-carrec-de-lequip-orl-hospital-de-sant-joan-de-deu-17-de-febrer\/\" title=\"Read Seminari de formaci\u00f3 continuada: Trastorn de l&#8217;espectre de neuropatia auditiva a c\u00e0rrec de l&#8217;equip ORL Hospital de Sant Joan de D\u00e9u. 17 de febrer\">Llegeix m\u00e9s\u00bb<\/a><\/p>\n","protected":false},"author":7,"featured_media":17471,"comment_status":"open","ping_status":"closed","sticky":false,"template":"","format":"standard","meta":{"_bbp_topic_count":0,"_bbp_reply_count":0,"_bbp_total_topic_count":0,"_bbp_total_reply_count":0,"_bbp_voice_count":0,"_bbp_anonymous_reply_count":0,"_bbp_topic_count_hidden":0,"_bbp_reply_count_hidden":0,"_bbp_forum_subforum_count":0,"footnotes":""},"categories":[273],"tags":[1476,1350,1077],"class_list":["post-17470","post","type-post","status-publish","format-standard","has-post-thumbnail","hentry","category-portada","tag-cooperacio-creda-i-hospital","tag-creda","tag-formacio"],"post_mailing_queue_ids":[],"_links":{"self":[{"href":"https:\/\/serveiseducatius.xtec.cat\/credac-perebarnils\/wp-json\/wp\/v2\/posts\/17470","targetHints":{"allow":["GET"]}}],"collection":[{"href":"https:\/\/serveiseducatius.xtec.cat\/credac-perebarnils\/wp-json\/wp\/v2\/posts"}],"about":[{"href":"https:\/\/serveiseducatius.xtec.cat\/credac-perebarnils\/wp-json\/wp\/v2\/types\/post"}],"author":[{"embeddable":true,"href":"https:\/\/serveiseducatius.xtec.cat\/credac-perebarnils\/wp-json\/wp\/v2\/users\/7"}],"replies":[{"embeddable":true,"href":"https:\/\/serveiseducatius.xtec.cat\/credac-perebarnils\/wp-json\/wp\/v2\/comments?post=17470"}],"version-history":[{"count":2,"href":"https:\/\/serveiseducatius.xtec.cat\/credac-perebarnils\/wp-json\/wp\/v2\/posts\/17470\/revisions"}],"predecessor-version":[{"id":17479,"href":"https:\/\/serveiseducatius.xtec.cat\/credac-perebarnils\/wp-json\/wp\/v2\/posts\/17470\/revisions\/17479"}],"wp:featuredmedia":[{"embeddable":true,"href":"https:\/\/serveiseducatius.xtec.cat\/credac-perebarnils\/wp-json\/wp\/v2\/media\/17471"}],"wp:attachment":[{"href":"https:\/\/serveiseducatius.xtec.cat\/credac-perebarnils\/wp-json\/wp\/v2\/media?parent=17470"}],"wp:term":[{"taxonomy":"category","embeddable":true,"href":"https:\/\/serveiseducatius.xtec.cat\/credac-perebarnils\/wp-json\/wp\/v2\/categories?post=17470"},{"taxonomy":"post_tag","embeddable":true,"href":"https:\/\/serveiseducatius.xtec.cat\/credac-perebarnils\/wp-json\/wp\/v2\/tags?post=17470"}],"curies":[{"name":"wp","href":"https:\/\/api.w.org\/{rel}","templated":true}]}}