{"id":17459,"date":"2023-02-14T13:35:54","date_gmt":"2023-02-14T12:35:54","guid":{"rendered":"https:\/\/serveiseducatius.xtec.cat\/credac-perebarnils\/?p=17459"},"modified":"2023-02-15T12:23:29","modified_gmt":"2023-02-15T11:23:29","slug":"la-d%c9%99zmutid%cd%a1zasi%cb%88o-segons-el-metode-tradicional","status":"publish","type":"post","link":"https:\/\/serveiseducatius.xtec.cat\/credac-perebarnils\/general\/la-d%c9%99zmutid%cd%a1zasi%cb%88o-segons-el-metode-tradicional\/","title":{"rendered":"La [d\u0259zmutid\u0361zasi\u02c8o] segons el m\u00e8tode tradicional"},"content":{"rendered":"<p style=\"text-align: justify;\">Actualment el treball logop\u00e8dic amb l\u2019alumnat sord, sobretot a les primeres etapes, s\u2019aborda des d\u2019una perspectiva naturalista, a partir de les seves pr\u00f2pies viv\u00e8ncies, utilitzant un llenguatge planer, ben estructurat i significatiu. I el treball fon\u00e8tic espec\u00edfic no n\u2019\u00e9s una excepci\u00f3.<\/p>\n<p style=\"text-align: justify;\">Per\u00f2 tradicionalment no ha estat aix\u00ed. Fins m\u00e9s enll\u00e0 d\u2019on arriba la mem\u00f2ria era molt com\u00fa planificar l\u2019educaci\u00f3 d\u2019aquest alumnat privilegiant la \u201cdesmutitzaci\u00f3\u201d mitjan\u00e7ant la presentaci\u00f3 dels fonemes segons un ordre preestablert, comen\u00e7ant pels fonemes voc\u00e0lics, seguint pels conson\u00e0ntics considerats m\u00e9s \u201cf\u00e0cils\u201d i acabant pels m\u00e9s \u201cdif\u00edcils\u201d. Essent aix\u00ed, s\u2019esperava a fer apar\u00e8ixer el l\u00e8xic quan s\u2019acabava aquell proc\u00e9s o b\u00e9 se\u2019l feia emergir en la mesura de la seriaci\u00f3 establerta: Per exemple si s\u2019havia comen\u00e7at per la pron\u00fancia de la \/p\/ es podia exercitar les paraules \u201c<em>pap\u00e1<\/em>\u201d, \u201c<em>pip\u00ed<\/em>\u201d, \u201c<em>pie<\/em>\u201d,&#8230; I si la seg\u00fcent treballada era la \/t\/ a m\u00e9s de \u201c<em>t\u00eda<\/em>\u201d, \u201c<em>tuyo<\/em>\u201d, \u201c<em>tea<\/em>\u201d,&#8230; es podia incloure tamb\u00e9 la \/p\/ i confegir paraules com \u201c<em>pito<\/em>\u201d, \u201c<em>pato<\/em>\u201d, \u201c<em>pote<\/em>\u201d, i aix\u00ed successivament i sumativament amb la resta de fonemes.<\/p>\n<p style=\"text-align: justify;\">Aquest procediment es pot observar ja en l\u2019obra de Juan Pablo Bonet \u201cReduction de las letras y arte para ense\u00f1ar \u00e1 hablar a los mudos\u201d (1620): En la primera part explica com s\u2019han de pronunciar els fonemes (que l\u2019autor presenta per ordre alfab\u00e8tic), i fins a la segona part (Cap\u00edtol VII) no descriu <em>\u201ccomo se ha de ense\u00f1ar al mudo \u00e1 juntar las letras\u201d<\/em>.<\/p>\n<p><a href=\"https:\/\/serveiseducatius.xtec.cat\/credac-perebarnils\/wp-content\/uploads\/usu1333\/2023\/02\/1.jpg\"><img loading=\"lazy\" decoding=\"async\" class=\"aligncenter size-large wp-image-17446\" src=\"https:\/\/serveiseducatius.xtec.cat\/credac-perebarnils\/wp-content\/uploads\/usu1333\/2023\/02\/1-1024x745.jpg\" alt=\"\" width=\"1024\" height=\"745\" srcset=\"https:\/\/serveiseducatius.xtec.cat\/credac-perebarnils\/wp-content\/uploads\/usu1333\/2023\/02\/1-1024x745.jpg 1024w, https:\/\/serveiseducatius.xtec.cat\/credac-perebarnils\/wp-content\/uploads\/usu1333\/2023\/02\/1-300x218.jpg 300w, https:\/\/serveiseducatius.xtec.cat\/credac-perebarnils\/wp-content\/uploads\/usu1333\/2023\/02\/1-768x559.jpg 768w, https:\/\/serveiseducatius.xtec.cat\/credac-perebarnils\/wp-content\/uploads\/usu1333\/2023\/02\/1.jpg 1053w\" sizes=\"auto, (max-width: 1024px) 100vw, 1024px\" \/><\/a><\/p>\n<p style=\"text-align: justify;\">Tamb\u00e9 Lorenzo Herv\u00e1s y Panduro, en la seva obra en dos volums \u201cEscuela Espa\u00f1ola de Sordomudos \u00f3 arte para ense\u00f1arles \u00e1 escribir y hablar el idioma espa\u00f1ol\u201d (1795) proposa una \u201cdesmutitzaci\u00f3\u201d iniciada amb les vocals \/o\/, \/u\/, seguides de \/a\/, \/e\/, \/i\/, i despr\u00e9s els fonemes conson\u00e0ntics \u2013combinats amb les vocals- segons un ordre da major a menor visibilitat: primer les bilabials, despr\u00e9s les labiodentals, dentals, etc. L\u2019ordre proposat d\u2019aprenentatge dels fonemes era el seg\u00fcent: \/b\/, \/p\/, \/m\/, \/t\/, \/d\/, \/\u03b8\/,\u00a0 \/f\/, \/v\/, \/s\/, \/t\u0283\/, \/l\/, \/\u028e\/, \/n\/, \/\u0272\/, \/y\/, \/k\/, \/g\/, \/\u027e\/, \/r\/. Despr\u00e9s s\u2019iniciava la pronunciaci\u00f3 de les paraules.<\/p>\n<p><a href=\"https:\/\/serveiseducatius.xtec.cat\/credac-perebarnils\/wp-content\/uploads\/usu1333\/2023\/02\/2.jpg\"><img loading=\"lazy\" decoding=\"async\" class=\"aligncenter size-large wp-image-17447\" src=\"https:\/\/serveiseducatius.xtec.cat\/credac-perebarnils\/wp-content\/uploads\/usu1333\/2023\/02\/2-1024x598.jpg\" alt=\"\" width=\"1024\" height=\"598\" srcset=\"https:\/\/serveiseducatius.xtec.cat\/credac-perebarnils\/wp-content\/uploads\/usu1333\/2023\/02\/2-1024x598.jpg 1024w, https:\/\/serveiseducatius.xtec.cat\/credac-perebarnils\/wp-content\/uploads\/usu1333\/2023\/02\/2-300x175.jpg 300w, https:\/\/serveiseducatius.xtec.cat\/credac-perebarnils\/wp-content\/uploads\/usu1333\/2023\/02\/2-768x449.jpg 768w, https:\/\/serveiseducatius.xtec.cat\/credac-perebarnils\/wp-content\/uploads\/usu1333\/2023\/02\/2.jpg 1080w\" sizes=\"auto, (max-width: 1024px) 100vw, 1024px\" \/><\/a><\/p>\n<p style=\"text-align: justify;\">\u00c9s prou sabut tamb\u00e9 que en Pere Barnils, quan va ser director de l\u2019Escola Municipal de Sords-Muts, va idear un conegut m\u00e8tode de \u201cdesmutitzaci\u00f3\u201d, la trilogia \u201cLa Paraula\u201d (1919-20), amb dibuixos del professor del centre Antoni Gelabert Alart. Si fa no fa la idea era la mateixa:<\/p>\n<ul>\n<li style=\"text-align: justify;\">En primer lloc calia pronunciar les vocals segons un ordre \u201cd\u2019obertura a tancament\u201d, \u00e9s a dir: a, \u00e8, \u00e9, i, \u00f2, \u00f3, u. (No va incloure la vocal neutra \/\u0259\/.<\/li>\n<li style=\"text-align: justify;\">Despr\u00e9s, la pron\u00fancia de vocals combinades: (ua, u\u00e8, ui,&#8230;, aia, \u00e8ia, \u00f2ia,&#8230;).<\/li>\n<li style=\"text-align: justify;\">Posteriorment els fonemes conson\u00e0ntics segons un ordre de \u201ctancament a obertura\u201d que va esglaonar aix\u00ed: \/p\/, \/b\/, \/v\/, \/t\/, \/d\/, \/k\/, \/g\/, \/m\/, \/n\/, \/\u0272\/, \/l\/, \/\u028e\/, \/\u027e\/, \/r\/, \/\u03b2\/, \/\u00f0\/, \/\u0263\/, \/f\/, \/s\/, \/z\/, \/x\/, \/\u0292\/, \/\u0283\/, pronunciades amb un \u201csil\u00b7labeig simple\u201d: (pa, p\u00e8, p\u00e9, pi,&#8230;, apa, ep\u00e8, ipi,&#8230;).<\/li>\n<li style=\"text-align: justify;\">Finalment seguia el \u201csil\u00b7labeig complex\u201d, referit als grups conson\u00e0ntics:\u00a0 (pla, pl\u00f2, pl\u00f3, plu,&#8230;, pra, pro, pru,&#8230;) i les s\u00edl\u00b7labes mixtes.<\/li>\n<li style=\"text-align: justify;\">En la mesura que aquell sil\u00b7labeig anava avan\u00e7ant s\u2019introdu\u00efen \u201cvocables\u201d (paraules amb significat). Cada nou \u201cvocable\u201d nom\u00e9s podia incloure \u2013apart de les vocals- la consonant treballada i les apreses pr\u00e8viament.<\/li>\n<\/ul>\n<p style=\"text-align: justify;\"><a href=\"https:\/\/serveiseducatius.xtec.cat\/credac-perebarnils\/wp-content\/uploads\/usu1333\/2023\/02\/3.jpg\"><img loading=\"lazy\" decoding=\"async\" class=\"aligncenter size-full wp-image-17448\" src=\"https:\/\/serveiseducatius.xtec.cat\/credac-perebarnils\/wp-content\/uploads\/usu1333\/2023\/02\/3.jpg\" alt=\"\" width=\"896\" height=\"820\" srcset=\"https:\/\/serveiseducatius.xtec.cat\/credac-perebarnils\/wp-content\/uploads\/usu1333\/2023\/02\/3.jpg 896w, https:\/\/serveiseducatius.xtec.cat\/credac-perebarnils\/wp-content\/uploads\/usu1333\/2023\/02\/3-300x275.jpg 300w, https:\/\/serveiseducatius.xtec.cat\/credac-perebarnils\/wp-content\/uploads\/usu1333\/2023\/02\/3-768x703.jpg 768w\" sizes=\"auto, (max-width: 896px) 100vw, 896px\" \/><\/a>Despr\u00e9s de la guerra civil es va prohibir el catal\u00e0 a les escoles. &#8220;L\u2019Escola Municipal de Sords-Muts\u201d va tornar a ser la \u201cEscuela Municipal de Sordomudos\u201d. Essent aix\u00ed el professorat del centre no va poder seguir utilitzant els llibres de \u201cLa Paraula\u201d i es va quedar sense una eina que considerava \u00fatil per a l\u2019educaci\u00f3 del seu alumnat. Per\u00f2 van tenir una idea: \u201cReciclar\u201d els llibres de \u201cLa Paraula\u201d en un sol opuscle repetint l\u2019aspecte del sil\u00b7labeig, reassignant, si calia, les imatges als fonemes del castell\u00e0, i utilitzant-ne d\u2019altres de la mateixa col\u00b7lecci\u00f3 emprades des de l\u2019\u00e8poca d\u2019en Pere Barnils. Tamb\u00e9 van afegir com a novetat unes \u201c<em>lecturas<\/em>\u201d de base fon\u00e8tica. Aquella adaptaci\u00f3 se la va anomenar \u201cSilabario\u201d. Es va editar una primera edici\u00f3 el 1946 i una altra m\u00e9s completa el 1954.<\/p>\n<p><a href=\"https:\/\/serveiseducatius.xtec.cat\/credac-perebarnils\/wp-content\/uploads\/usu1333\/2023\/02\/4.jpg\"><img loading=\"lazy\" decoding=\"async\" class=\"aligncenter size-full wp-image-17449\" src=\"https:\/\/serveiseducatius.xtec.cat\/credac-perebarnils\/wp-content\/uploads\/usu1333\/2023\/02\/4.jpg\" alt=\"\" width=\"944\" height=\"477\" srcset=\"https:\/\/serveiseducatius.xtec.cat\/credac-perebarnils\/wp-content\/uploads\/usu1333\/2023\/02\/4.jpg 944w, https:\/\/serveiseducatius.xtec.cat\/credac-perebarnils\/wp-content\/uploads\/usu1333\/2023\/02\/4-300x152.jpg 300w, https:\/\/serveiseducatius.xtec.cat\/credac-perebarnils\/wp-content\/uploads\/usu1333\/2023\/02\/4-768x388.jpg 768w\" sizes=\"auto, (max-width: 944px) 100vw, 944px\" \/><\/a><\/p>\n<p style=\"text-align: justify;\">L\u2019edici\u00f3 de 1946 nom\u00e9s recollia all\u00f2 que en Pere Barnils anomenava \u201csil\u00b7labeig simple\u201d, mentre que el de 1954 afegia una segona part amb s\u00edl\u00b7labes mixtes i grups conson\u00e0ntics. En relaci\u00f3 a les \u201clecturas\u201d s\u2019explicitava a les observacions inicials el mateix tarann\u00e0 de sempre: <em>\u201cAl final de cada lecci\u00f3n hay un ejercicio de lectura en el cual se nota marcadamente el fonema aprendido entre los ya adquiridos&#8230; y justificar la seguridad del mismo. S\u00f3lo ante esta justificaci\u00f3n se pasar\u00e1 a la ense\u00f1anza de otro nuevo fonema, seguros ya de no presentarse dudas ni confusiones que deberemos evitar en bien de nuestros peque\u00f1os educandos\u201d.<\/em><\/p>\n<p style=\"text-align: justify;\">L\u2019ordre d\u2019aprenentatge proposat dels fonemes conson\u00e0ntics era el seg\u00fcent: \/p\/, \/t\/, \/k\/, \/m\/, \/d\/, \/g,\/, \/f\/, \/ \u03b8 \/, \/s\/, \/x\/, \/b\/, \/n\/, \/\u028e\/, \/l\/, \/\u0272\/, \/\u027e\/, \/t\u0283\/, \/\u03b2\/, \/r\/, \/ks\/.<\/p>\n<p style=\"text-align: justify;\"><a href=\"https:\/\/serveiseducatius.xtec.cat\/credac-perebarnils\/wp-content\/uploads\/usu1333\/2023\/02\/5.jpg\"><img loading=\"lazy\" decoding=\"async\" class=\"aligncenter size-full wp-image-17450\" src=\"https:\/\/serveiseducatius.xtec.cat\/credac-perebarnils\/wp-content\/uploads\/usu1333\/2023\/02\/5.jpg\" alt=\"\" width=\"907\" height=\"814\" srcset=\"https:\/\/serveiseducatius.xtec.cat\/credac-perebarnils\/wp-content\/uploads\/usu1333\/2023\/02\/5.jpg 907w, https:\/\/serveiseducatius.xtec.cat\/credac-perebarnils\/wp-content\/uploads\/usu1333\/2023\/02\/5-300x269.jpg 300w, https:\/\/serveiseducatius.xtec.cat\/credac-perebarnils\/wp-content\/uploads\/usu1333\/2023\/02\/5-768x689.jpg 768w\" sizes=\"auto, (max-width: 907px) 100vw, 907px\" \/><\/a>Per\u00f2&#8230; i com eren aquelles \u201c<em>lecturas<\/em>\u201d? Perqu\u00e8 confegir frases raonables repetint un mateix fonema, ignorant els que encara no s\u2019havien estudiat i consentint nom\u00e9s els apresos anteriorment \u00e9s una mica fer entrar el clau de la comprensi\u00f3 lectora per la cabota. No en va a la introducci\u00f3 de l\u2019obra s\u2019advertia: <em>\u201cReferente a las lecturas contenidas en el presente silabario, no se trata de que el ni\u00f1o las recite de memoria ni las comprenda en su totalidad ni las interprete todas\u201d<\/em>. Per il\u00b7lustrar aquest punt s\u2019exposen a continuaci\u00f3 diverses frases extretes d\u2019aquelles \u201c<em>lecturas<\/em>\u201d, algunes un p\u00e8l delirants, altres de dif\u00edcil comprensi\u00f3, d\u2019altres amb doble significat si es llegeixen amb mal\u00edcia, etc.<\/p>\n<p style=\"text-align: justify;\">Pel que fa a l\u2019apartat de sil\u00b7labeig simple:<\/p>\n<ul>\n<li>\/p\/ (p\u00e0g. 17): <em>Yo apeo a Pepe y apoyo a Pepa<\/em>.<\/li>\n<li>\/t\/ (p\u00e0g. 19): <em>Ah\u00ed hay tu tapetito y t\u00e1pate tu tup\u00e9<\/em>.<\/li>\n<li>\/k\/ (p\u00e0g. 21): <em>Paquito ya oye a tu oca que picotea tu cacahuete<\/em>.<\/li>\n<li>\/m\/ (p\u00e0g. 23): <em>Tu mico mea mi matita y teme a mi piqueta<\/em>.<\/li>\n<li>\/g\/ (p\u00e0g 27): <em>Agapito pega a mi gatito que come mi higo<\/em>.<\/li>\n<li>\/n\/ (p\u00e0g 43): <em>Aqu\u00ed hay un conejito que come un poco de nabo<\/em>.<\/li>\n<li>\/l\/ (p\u00e0g 49): <em>Yo afilo la lima y Lolita lima esa badilla<\/em>.<\/li>\n<li>\/t\u00d7\/ (p\u00e0g 59): <em>En la choza de este chino hay un chopo muy alto<\/em>.<\/li>\n<li>\/ks\/ (p\u00e0g 69): <em>Maximiliano examina ese ex\u00e1gono y expone su axioma<\/em>.<\/li>\n<\/ul>\n<p>Pel que fa a l\u2019apartat de sil\u00b7labeig complex:<\/p>\n<ul>\n<li>(p\u00e0g. 74): <em>En el banco hay un rat\u00f3n que roe un elefante de serr\u00edn<\/em>.<\/li>\n<li>(p\u00e0g. 78): <em>Ib\u00e1\u00f1ez es feliz porque vino de Vizcaya con un andaluz<\/em>.<\/li>\n<li>(p\u00e0g. 81): <em>A Concepci\u00f3n la dispepsia le ocasiona eruptos<\/em>.<\/li>\n<li>(p\u00e0g. 83): <em>En la secci\u00f3n de facturaci\u00f3n el factor factura arroz<\/em>.<\/li>\n<li>(p\u00e0g.85): <em>Sixto por inexperto no toca en el sexteto con Calixto<\/em>.<\/li>\n<li>(p\u00e0g 92): <em>Alfredo fracasa por su fr\u00e1gil car\u00e0cter y su frialdad<\/em>.<\/li>\n<li>(p\u00e0g 99): <em>Se inscribe e instant\u00e1neamente presenta la instancia<\/em>.<\/li>\n<li>(p\u00e0g 103): <em>Para subsistir basta lo substancial de la substancia<\/em>.<\/li>\n<\/ul>\n<p style=\"text-align: justify;\">De ben segur que si els i les exalumnes de l\u2019escola \u2013ara ja tots jubilats- recorden\u00a0 aquelles frases potser alg\u00fa encara cregui que tenia poca compet\u00e8ncia ling\u00fcistica pel fet de no entendre-les quan les vocalitzava. Per sort no era el cas.<\/p>\n","protected":false},"excerpt":{"rendered":"<p>Actualment el treball logop\u00e8dic amb l\u2019alumnat sord, sobretot a les primeres etapes, s\u2019aborda des d\u2019una perspectiva naturalista, a partir de les seves pr\u00f2pies viv\u00e8ncies, utilitzant un llenguatge planer, ben estructurat i significatiu. I el treball fon\u00e8tic espec\u00edfic no n\u2019\u00e9s una excepci\u00f3.<br \/>\nPer\u00f2 tradicionalment no ha estat&hellip;  <a href=\"https:\/\/serveiseducatius.xtec.cat\/credac-perebarnils\/general\/la-d%c9%99zmutid%cd%a1zasi%cb%88o-segons-el-metode-tradicional\/\" title=\"Read La [d\u0259zmutid\u0361zasi\u02c8o] segons el m\u00e8tode tradicional\">Llegeix m\u00e9s\u00bb<\/a><\/p>\n","protected":false},"author":96,"featured_media":17451,"comment_status":"open","ping_status":"closed","sticky":false,"template":"","format":"standard","meta":{"_bbp_topic_count":0,"_bbp_reply_count":0,"_bbp_total_topic_count":0,"_bbp_total_reply_count":0,"_bbp_voice_count":0,"_bbp_anonymous_reply_count":0,"_bbp_topic_count_hidden":0,"_bbp_reply_count_hidden":0,"_bbp_forum_subforum_count":0,"footnotes":""},"categories":[659,1,273],"tags":[],"class_list":["post-17459","post","type-post","status-publish","format-standard","has-post-thumbnail","hentry","category-articles-historics","category-general","category-portada"],"post_mailing_queue_ids":[],"_links":{"self":[{"href":"https:\/\/serveiseducatius.xtec.cat\/credac-perebarnils\/wp-json\/wp\/v2\/posts\/17459","targetHints":{"allow":["GET"]}}],"collection":[{"href":"https:\/\/serveiseducatius.xtec.cat\/credac-perebarnils\/wp-json\/wp\/v2\/posts"}],"about":[{"href":"https:\/\/serveiseducatius.xtec.cat\/credac-perebarnils\/wp-json\/wp\/v2\/types\/post"}],"author":[{"embeddable":true,"href":"https:\/\/serveiseducatius.xtec.cat\/credac-perebarnils\/wp-json\/wp\/v2\/users\/96"}],"replies":[{"embeddable":true,"href":"https:\/\/serveiseducatius.xtec.cat\/credac-perebarnils\/wp-json\/wp\/v2\/comments?post=17459"}],"version-history":[{"count":4,"href":"https:\/\/serveiseducatius.xtec.cat\/credac-perebarnils\/wp-json\/wp\/v2\/posts\/17459\/revisions"}],"predecessor-version":[{"id":17469,"href":"https:\/\/serveiseducatius.xtec.cat\/credac-perebarnils\/wp-json\/wp\/v2\/posts\/17459\/revisions\/17469"}],"wp:featuredmedia":[{"embeddable":true,"href":"https:\/\/serveiseducatius.xtec.cat\/credac-perebarnils\/wp-json\/wp\/v2\/media\/17451"}],"wp:attachment":[{"href":"https:\/\/serveiseducatius.xtec.cat\/credac-perebarnils\/wp-json\/wp\/v2\/media?parent=17459"}],"wp:term":[{"taxonomy":"category","embeddable":true,"href":"https:\/\/serveiseducatius.xtec.cat\/credac-perebarnils\/wp-json\/wp\/v2\/categories?post=17459"},{"taxonomy":"post_tag","embeddable":true,"href":"https:\/\/serveiseducatius.xtec.cat\/credac-perebarnils\/wp-json\/wp\/v2\/tags?post=17459"}],"curies":[{"name":"wp","href":"https:\/\/api.w.org\/{rel}","templated":true}]}}