{"id":17284,"date":"2022-06-22T10:57:52","date_gmt":"2022-06-22T08:57:52","guid":{"rendered":"https:\/\/serveiseducatius.xtec.cat\/credac-perebarnils\/?p=17284"},"modified":"2022-06-22T11:44:34","modified_gmt":"2022-06-22T09:44:34","slug":"mara-martinez-la-patinadora-que-no-hi-sent","status":"publish","type":"post","link":"https:\/\/serveiseducatius.xtec.cat\/credac-perebarnils\/portada\/mara-martinez-la-patinadora-que-no-hi-sent\/","title":{"rendered":"Mara Mart\u00ednez : la patinadora que no hi sent"},"content":{"rendered":"<p>Voldriem compartir amb vosaltres la hist\u00f2ria de la Mara Mart\u00ednez, una noia adolescent que no hi sent i \u00e9s portadora d&#8217;implants coclears. Ella \u00e9s campiona de patinatge art\u00edstic sobre gel en les categories infantils. Va n\u00e9ixer sorda pregona i als 11 mesos li van posar el primer implant. Al v\u00eddeo, editat i dif\u00f3s pel programa Esports 360 de TV3, veureu el seu testimoni, aix\u00ed com el del\u00a0 seu pare i el de la dra. Claveria, cap de la secci\u00f3 d&#8217;audiologia de l&#8217;Hospital de Sant Joan de D\u00e9u.<\/p>\n<p><iframe loading=\"lazy\" src=\"https:\/\/www.ccma.cat\/video\/embed\/6161371\/\" width=\"500px\" height=\"281px\" frameborder=\"0\" scrolling=\"no\" allowfullscreen=\"allowfullscreen\"><\/iframe><\/p>\n","protected":false},"excerpt":{"rendered":"<p>Voldriem compartir amb vosaltres la hist\u00f2ria de la Mara Mart\u00ednez, una noia adolescent que no hi sent i \u00e9s portadora d&#8217;implants coclears. Ella \u00e9s campiona de patinatge art\u00edstic sobre gel en les categories infantils. Va n\u00e9ixer sorda pregona i als 11 mesos li van posar&hellip;  <a href=\"https:\/\/serveiseducatius.xtec.cat\/credac-perebarnils\/portada\/mara-martinez-la-patinadora-que-no-hi-sent\/\" title=\"Read Mara Mart\u00ednez : la patinadora que no hi sent\">Llegeix m\u00e9s\u00bb<\/a><\/p>\n","protected":false},"author":7,"featured_media":17285,"comment_status":"open","ping_status":"closed","sticky":false,"template":"","format":"standard","meta":{"_bbp_topic_count":0,"_bbp_reply_count":0,"_bbp_total_topic_count":0,"_bbp_total_reply_count":0,"_bbp_voice_count":0,"_bbp_anonymous_reply_count":0,"_bbp_topic_count_hidden":0,"_bbp_reply_count_hidden":0,"_bbp_forum_subforum_count":0,"footnotes":""},"categories":[273],"tags":[1070],"class_list":["post-17284","post","type-post","status-publish","format-standard","has-post-thumbnail","hentry","category-portada","tag-sordesa"],"post_mailing_queue_ids":[],"_links":{"self":[{"href":"https:\/\/serveiseducatius.xtec.cat\/credac-perebarnils\/wp-json\/wp\/v2\/posts\/17284","targetHints":{"allow":["GET"]}}],"collection":[{"href":"https:\/\/serveiseducatius.xtec.cat\/credac-perebarnils\/wp-json\/wp\/v2\/posts"}],"about":[{"href":"https:\/\/serveiseducatius.xtec.cat\/credac-perebarnils\/wp-json\/wp\/v2\/types\/post"}],"author":[{"embeddable":true,"href":"https:\/\/serveiseducatius.xtec.cat\/credac-perebarnils\/wp-json\/wp\/v2\/users\/7"}],"replies":[{"embeddable":true,"href":"https:\/\/serveiseducatius.xtec.cat\/credac-perebarnils\/wp-json\/wp\/v2\/comments?post=17284"}],"version-history":[{"count":3,"href":"https:\/\/serveiseducatius.xtec.cat\/credac-perebarnils\/wp-json\/wp\/v2\/posts\/17284\/revisions"}],"predecessor-version":[{"id":17291,"href":"https:\/\/serveiseducatius.xtec.cat\/credac-perebarnils\/wp-json\/wp\/v2\/posts\/17284\/revisions\/17291"}],"wp:featuredmedia":[{"embeddable":true,"href":"https:\/\/serveiseducatius.xtec.cat\/credac-perebarnils\/wp-json\/wp\/v2\/media\/17285"}],"wp:attachment":[{"href":"https:\/\/serveiseducatius.xtec.cat\/credac-perebarnils\/wp-json\/wp\/v2\/media?parent=17284"}],"wp:term":[{"taxonomy":"category","embeddable":true,"href":"https:\/\/serveiseducatius.xtec.cat\/credac-perebarnils\/wp-json\/wp\/v2\/categories?post=17284"},{"taxonomy":"post_tag","embeddable":true,"href":"https:\/\/serveiseducatius.xtec.cat\/credac-perebarnils\/wp-json\/wp\/v2\/tags?post=17284"}],"curies":[{"name":"wp","href":"https:\/\/api.w.org\/{rel}","templated":true}]}}