{"id":17263,"date":"2022-06-10T13:13:24","date_gmt":"2022-06-10T11:13:24","guid":{"rendered":"https:\/\/serveiseducatius.xtec.cat\/credac-perebarnils\/?p=17263"},"modified":"2022-06-10T13:13:24","modified_gmt":"2022-06-10T11:13:24","slug":"trobada-de-families-de-letapa-0-3-anys","status":"publish","type":"post","link":"https:\/\/serveiseducatius.xtec.cat\/credac-perebarnils\/families\/trobada-de-families-de-letapa-0-3-anys\/","title":{"rendered":"Trobada de fam\u00edlies de l&#8217;etapa 0-3 anys"},"content":{"rendered":"<p>El passat dimarts 7 de juny es va fer una trobada de fam\u00edlies amb infants amb sordesa despr\u00e9s de no poder-se realitzar durant molt de temps a causa de la pand\u00e8mia. L&#8217;esdeveniment va ser organitzat pel CREDA amb la col\u00b7laboraci\u00f3 de l&#8217;EBM Guinb\u00f3 que ens va cedir el seu pati.<\/p>\n<p>La trobada va ser molt emotiva. Fam\u00edlies, infants i professionals ens vam poder con\u00e8ixer i compartir un petit berenar, converses i jocs.<\/p>\n<p>&nbsp;<\/p>\n<p><a href=\"https:\/\/serveiseducatius.xtec.cat\/credac-perebarnils\/wp-content\/uploads\/usu1333\/2022\/06\/e-bressol-0-3-interior.png\"><img loading=\"lazy\" decoding=\"async\" class=\"alignnone size-full wp-image-17267\" src=\"https:\/\/serveiseducatius.xtec.cat\/credac-perebarnils\/wp-content\/uploads\/usu1333\/2022\/06\/e-bressol-0-3-interior.png\" alt=\"\" width=\"613\" height=\"460\" srcset=\"https:\/\/serveiseducatius.xtec.cat\/credac-perebarnils\/wp-content\/uploads\/usu1333\/2022\/06\/e-bressol-0-3-interior.png 613w, https:\/\/serveiseducatius.xtec.cat\/credac-perebarnils\/wp-content\/uploads\/usu1333\/2022\/06\/e-bressol-0-3-interior-300x225.png 300w, https:\/\/serveiseducatius.xtec.cat\/credac-perebarnils\/wp-content\/uploads\/usu1333\/2022\/06\/e-bressol-0-3-interior-200x150.png 200w\" sizes=\"auto, (max-width: 613px) 100vw, 613px\" \/><\/a><\/p>\n","protected":false},"excerpt":{"rendered":"<p>El passat dimarts 7 de juny es va fer una trobada de fam\u00edlies amb infants amb sordesa despr\u00e9s de no poder-se realitzar durant molt de temps a causa de la pand\u00e8mia. L&#8217;esdeveniment va ser organitzat pel CREDA amb la col\u00b7laboraci\u00f3 de l&#8217;EBM Guinb\u00f3 que ens&hellip;  <a href=\"https:\/\/serveiseducatius.xtec.cat\/credac-perebarnils\/families\/trobada-de-families-de-letapa-0-3-anys\/\" title=\"Read Trobada de fam\u00edlies de l&#8217;etapa 0-3 anys\">Llegeix m\u00e9s\u00bb<\/a><\/p>\n","protected":false},"author":7,"featured_media":17265,"comment_status":"open","ping_status":"closed","sticky":false,"template":"","format":"standard","meta":{"_bbp_topic_count":0,"_bbp_reply_count":0,"_bbp_total_topic_count":0,"_bbp_total_reply_count":0,"_bbp_voice_count":0,"_bbp_anonymous_reply_count":0,"_bbp_topic_count_hidden":0,"_bbp_reply_count_hidden":0,"_bbp_forum_subforum_count":0,"footnotes":""},"categories":[294,271,273],"tags":[1071],"class_list":["post-17263","post","type-post","status-publish","format-standard","has-post-thumbnail","hentry","category-esdeveniments-families","category-families","category-portada","tag-families-0-3"],"post_mailing_queue_ids":[],"_links":{"self":[{"href":"https:\/\/serveiseducatius.xtec.cat\/credac-perebarnils\/wp-json\/wp\/v2\/posts\/17263","targetHints":{"allow":["GET"]}}],"collection":[{"href":"https:\/\/serveiseducatius.xtec.cat\/credac-perebarnils\/wp-json\/wp\/v2\/posts"}],"about":[{"href":"https:\/\/serveiseducatius.xtec.cat\/credac-perebarnils\/wp-json\/wp\/v2\/types\/post"}],"author":[{"embeddable":true,"href":"https:\/\/serveiseducatius.xtec.cat\/credac-perebarnils\/wp-json\/wp\/v2\/users\/7"}],"replies":[{"embeddable":true,"href":"https:\/\/serveiseducatius.xtec.cat\/credac-perebarnils\/wp-json\/wp\/v2\/comments?post=17263"}],"version-history":[{"count":1,"href":"https:\/\/serveiseducatius.xtec.cat\/credac-perebarnils\/wp-json\/wp\/v2\/posts\/17263\/revisions"}],"predecessor-version":[{"id":17268,"href":"https:\/\/serveiseducatius.xtec.cat\/credac-perebarnils\/wp-json\/wp\/v2\/posts\/17263\/revisions\/17268"}],"wp:featuredmedia":[{"embeddable":true,"href":"https:\/\/serveiseducatius.xtec.cat\/credac-perebarnils\/wp-json\/wp\/v2\/media\/17265"}],"wp:attachment":[{"href":"https:\/\/serveiseducatius.xtec.cat\/credac-perebarnils\/wp-json\/wp\/v2\/media?parent=17263"}],"wp:term":[{"taxonomy":"category","embeddable":true,"href":"https:\/\/serveiseducatius.xtec.cat\/credac-perebarnils\/wp-json\/wp\/v2\/categories?post=17263"},{"taxonomy":"post_tag","embeddable":true,"href":"https:\/\/serveiseducatius.xtec.cat\/credac-perebarnils\/wp-json\/wp\/v2\/tags?post=17263"}],"curies":[{"name":"wp","href":"https:\/\/api.w.org\/{rel}","templated":true}]}}