{"id":17197,"date":"2022-05-04T10:19:43","date_gmt":"2022-05-04T08:19:43","guid":{"rendered":"https:\/\/serveiseducatius.xtec.cat\/credac-perebarnils\/?p=17197"},"modified":"2022-05-04T10:24:47","modified_gmt":"2022-05-04T08:24:47","slug":"escola-bressol-municipal-forestier-projecte-pioner-0-3-daprenentatge-simultani-de-la-llengua-oral-i-de-signes","status":"publish","type":"post","link":"https:\/\/serveiseducatius.xtec.cat\/credac-perebarnils\/portada\/escola-bressol-municipal-forestier-projecte-pioner-0-3-daprenentatge-simultani-de-la-llengua-oral-i-de-signes\/","title":{"rendered":"Escola Bressol Municipal Forestier: projecte pioner 0-3 d&#8217;aprenentatge simultani de la llengua oral i de signes"},"content":{"rendered":"<p><iframe loading=\"lazy\" src=\"https:\/\/cdnapisec.kaltura.com\/p\/2346171\/sp\/234617100\/embedIframeJs\/uiconf_id\/42600891\/partner_id\/2346171?iframeembed=true&amp;playerId=1_nn60yawt&amp;entry_id=1_nn60yawt&amp;flashvars[streamerType]=auto\" width=\"940\" height=\"529\" frameborder=\"0\" allowfullscreen=\"allowfullscreen\"><\/iframe><\/p>\n<p>L&#8217;Escola Bressol Forestier del Poble Sec \u00e9s el primer centre p\u00fablic on els infants, sords i o\u00efdors, aprenen alhora la llengua oral i la de signes. Aix\u00f2 ha suposat un projecte il\u00b7lusionador que ha implicat tot el claustre del centre que s&#8217;ha format per aprendre la LSC i integrar-la al dia a dia del centre. Segons declaracions de la directora del CREDA, Montse Anglarill, aquest aprenentatge creu que &#8220;\u00e9s important per confgurar el pensament i ordenar les experi\u00e8ncies&#8221;. Per saber m\u00e9s de la not\u00edcia cliqueu <a href=\"https:\/\/beteve.cat\/societat\/barcelona-pionera-introduir-llengua-signes-escola-bressol-infants\/\">aqu\u00ed<\/a>.<\/p>\n","protected":false},"excerpt":{"rendered":"<p>L&#8217;Escola Bressol Forestier del Poble Sec \u00e9s el primer centre p\u00fablic on els infants, sords i o\u00efdors, aprenen alhora la llengua oral i la de signes. Aix\u00f2 ha suposat un projecte il\u00b7lusionador que ha implicat tot el claustre del centre que s&#8217;ha format per aprendre&hellip;  <a href=\"https:\/\/serveiseducatius.xtec.cat\/credac-perebarnils\/portada\/escola-bressol-municipal-forestier-projecte-pioner-0-3-daprenentatge-simultani-de-la-llengua-oral-i-de-signes\/\" title=\"Read Escola Bressol Municipal Forestier: projecte pioner 0-3 d&#8217;aprenentatge simultani de la llengua oral i de signes\">Llegeix m\u00e9s\u00bb<\/a><\/p>\n","protected":false},"author":7,"featured_media":17198,"comment_status":"open","ping_status":"closed","sticky":false,"template":"","format":"standard","meta":{"_bbp_topic_count":0,"_bbp_reply_count":0,"_bbp_total_topic_count":0,"_bbp_total_reply_count":0,"_bbp_voice_count":0,"_bbp_anonymous_reply_count":0,"_bbp_topic_count_hidden":0,"_bbp_reply_count_hidden":0,"_bbp_forum_subforum_count":0,"footnotes":""},"categories":[273],"tags":[1477,1479,1478,747],"class_list":["post-17197","post","type-post","status-publish","format-standard","has-post-thumbnail","hentry","category-portada","tag-bilinguisme","tag-comunicacio-oral","tag-escola-bressol","tag-lsc"],"post_mailing_queue_ids":[],"_links":{"self":[{"href":"https:\/\/serveiseducatius.xtec.cat\/credac-perebarnils\/wp-json\/wp\/v2\/posts\/17197","targetHints":{"allow":["GET"]}}],"collection":[{"href":"https:\/\/serveiseducatius.xtec.cat\/credac-perebarnils\/wp-json\/wp\/v2\/posts"}],"about":[{"href":"https:\/\/serveiseducatius.xtec.cat\/credac-perebarnils\/wp-json\/wp\/v2\/types\/post"}],"author":[{"embeddable":true,"href":"https:\/\/serveiseducatius.xtec.cat\/credac-perebarnils\/wp-json\/wp\/v2\/users\/7"}],"replies":[{"embeddable":true,"href":"https:\/\/serveiseducatius.xtec.cat\/credac-perebarnils\/wp-json\/wp\/v2\/comments?post=17197"}],"version-history":[{"count":1,"href":"https:\/\/serveiseducatius.xtec.cat\/credac-perebarnils\/wp-json\/wp\/v2\/posts\/17197\/revisions"}],"predecessor-version":[{"id":17199,"href":"https:\/\/serveiseducatius.xtec.cat\/credac-perebarnils\/wp-json\/wp\/v2\/posts\/17197\/revisions\/17199"}],"wp:featuredmedia":[{"embeddable":true,"href":"https:\/\/serveiseducatius.xtec.cat\/credac-perebarnils\/wp-json\/wp\/v2\/media\/17198"}],"wp:attachment":[{"href":"https:\/\/serveiseducatius.xtec.cat\/credac-perebarnils\/wp-json\/wp\/v2\/media?parent=17197"}],"wp:term":[{"taxonomy":"category","embeddable":true,"href":"https:\/\/serveiseducatius.xtec.cat\/credac-perebarnils\/wp-json\/wp\/v2\/categories?post=17197"},{"taxonomy":"post_tag","embeddable":true,"href":"https:\/\/serveiseducatius.xtec.cat\/credac-perebarnils\/wp-json\/wp\/v2\/tags?post=17197"}],"curies":[{"name":"wp","href":"https:\/\/api.w.org\/{rel}","templated":true}]}}