{"id":17184,"date":"2022-04-21T10:20:56","date_gmt":"2022-04-21T08:20:56","guid":{"rendered":"https:\/\/serveiseducatius.xtec.cat\/credac-perebarnils\/?p=17184"},"modified":"2022-04-21T10:20:56","modified_gmt":"2022-04-21T08:20:56","slug":"xerrada-a-la-unitat-de-referencia-de-la-hipoacusia-infantil-urhi-de-lhospital-sant-joan-de-deu-29-de-marc-i-5-dabril","status":"publish","type":"post","link":"https:\/\/serveiseducatius.xtec.cat\/credac-perebarnils\/portada\/xerrada-a-la-unitat-de-referencia-de-la-hipoacusia-infantil-urhi-de-lhospital-sant-joan-de-deu-29-de-marc-i-5-dabril\/","title":{"rendered":"Xerrada a la Unitat de Refer\u00e8ncia de la Hipoac\u00fasia Infantil (URHI) de l&#8217;Hospital Sant Joan de D\u00e9u. 29 de mar\u00e7 i 5 d&#8217;abril"},"content":{"rendered":"<p>Els passats dies 29 de mar\u00e7 i 5 d&#8217;abril, la S\u00edlvia Marro (abans audioprotetista del CREDA Jordi Perell\u00f3 i actualment psicopedagoga de l&#8217;EAP de Sabadell)\u00a0 i la Mari Serrano (psicopedagoga del CREDA Pere Barnils) van fer una xerrada a l&#8217;equip que forma la Unitat de Refer\u00e8ncia de la Hipoac\u00fasia Infantil (URHI)\u00a0 de l&#8217;Hospital Sant Joan de D\u00e9u de Barcelona. En el marc del treball de col\u00b7laboraci\u00f3 entre l&#8217;hospital i els CREDA, es va parlar de l&#8217;acompanyament que es fa des de sanitat i els serveis educatius als infants amb sordesa i de la import\u00e0ncia de la intervenci\u00f3 primerenca per evitar les conseq\u00fc\u00e8ncies de la privaci\u00f3 ling\u00fc\u00edstica i auditiva.<\/p>\n<p><a href=\"https:\/\/serveiseducatius.xtec.cat\/credac-perebarnils\/wp-content\/uploads\/usu1333\/2022\/04\/IMG-20220406-WA0005.jpg\"><img loading=\"lazy\" decoding=\"async\" class=\"alignnone  wp-image-17187\" src=\"https:\/\/serveiseducatius.xtec.cat\/credac-perebarnils\/wp-content\/uploads\/usu1333\/2022\/04\/IMG-20220406-WA0005.jpg\" alt=\"\" width=\"397\" height=\"861\" srcset=\"https:\/\/serveiseducatius.xtec.cat\/credac-perebarnils\/wp-content\/uploads\/usu1333\/2022\/04\/IMG-20220406-WA0005.jpg 472w, https:\/\/serveiseducatius.xtec.cat\/credac-perebarnils\/wp-content\/uploads\/usu1333\/2022\/04\/IMG-20220406-WA0005-138x300.jpg 138w\" sizes=\"auto, (max-width: 397px) 100vw, 397px\" \/><\/a><\/p>\n","protected":false},"excerpt":{"rendered":"<p>Els passats dies 29 de mar\u00e7 i 5 d&#8217;abril, la S\u00edlvia Marro (abans audioprotetista del CREDA Jordi Perell\u00f3 i actualment psicopedagoga de l&#8217;EAP de Sabadell)\u00a0 i la Mari Serrano (psicopedagoga del CREDA Pere Barnils) van fer una xerrada a l&#8217;equip que forma la Unitat de&hellip;  <a href=\"https:\/\/serveiseducatius.xtec.cat\/credac-perebarnils\/portada\/xerrada-a-la-unitat-de-referencia-de-la-hipoacusia-infantil-urhi-de-lhospital-sant-joan-de-deu-29-de-marc-i-5-dabril\/\" title=\"Read Xerrada a la Unitat de Refer\u00e8ncia de la Hipoac\u00fasia Infantil (URHI) de l&#8217;Hospital Sant Joan de D\u00e9u. 29 de mar\u00e7 i 5 d&#8217;abril\">Llegeix m\u00e9s\u00bb<\/a><\/p>\n","protected":false},"author":7,"featured_media":17186,"comment_status":"open","ping_status":"closed","sticky":false,"template":"","format":"standard","meta":{"_bbp_topic_count":0,"_bbp_reply_count":0,"_bbp_total_topic_count":0,"_bbp_total_reply_count":0,"_bbp_voice_count":0,"_bbp_anonymous_reply_count":0,"_bbp_topic_count_hidden":0,"_bbp_reply_count_hidden":0,"_bbp_forum_subforum_count":0,"footnotes":""},"categories":[273],"tags":[1476,1070,1475],"class_list":["post-17184","post","type-post","status-publish","format-standard","has-post-thumbnail","hentry","category-portada","tag-cooperacio-creda-i-hospital","tag-sordesa","tag-xerrada"],"post_mailing_queue_ids":[],"_links":{"self":[{"href":"https:\/\/serveiseducatius.xtec.cat\/credac-perebarnils\/wp-json\/wp\/v2\/posts\/17184","targetHints":{"allow":["GET"]}}],"collection":[{"href":"https:\/\/serveiseducatius.xtec.cat\/credac-perebarnils\/wp-json\/wp\/v2\/posts"}],"about":[{"href":"https:\/\/serveiseducatius.xtec.cat\/credac-perebarnils\/wp-json\/wp\/v2\/types\/post"}],"author":[{"embeddable":true,"href":"https:\/\/serveiseducatius.xtec.cat\/credac-perebarnils\/wp-json\/wp\/v2\/users\/7"}],"replies":[{"embeddable":true,"href":"https:\/\/serveiseducatius.xtec.cat\/credac-perebarnils\/wp-json\/wp\/v2\/comments?post=17184"}],"version-history":[{"count":2,"href":"https:\/\/serveiseducatius.xtec.cat\/credac-perebarnils\/wp-json\/wp\/v2\/posts\/17184\/revisions"}],"predecessor-version":[{"id":17188,"href":"https:\/\/serveiseducatius.xtec.cat\/credac-perebarnils\/wp-json\/wp\/v2\/posts\/17184\/revisions\/17188"}],"wp:featuredmedia":[{"embeddable":true,"href":"https:\/\/serveiseducatius.xtec.cat\/credac-perebarnils\/wp-json\/wp\/v2\/media\/17186"}],"wp:attachment":[{"href":"https:\/\/serveiseducatius.xtec.cat\/credac-perebarnils\/wp-json\/wp\/v2\/media?parent=17184"}],"wp:term":[{"taxonomy":"category","embeddable":true,"href":"https:\/\/serveiseducatius.xtec.cat\/credac-perebarnils\/wp-json\/wp\/v2\/categories?post=17184"},{"taxonomy":"post_tag","embeddable":true,"href":"https:\/\/serveiseducatius.xtec.cat\/credac-perebarnils\/wp-json\/wp\/v2\/tags?post=17184"}],"curies":[{"name":"wp","href":"https:\/\/api.w.org\/{rel}","templated":true}]}}