{"id":17099,"date":"2022-03-02T10:36:36","date_gmt":"2022-03-02T09:36:36","guid":{"rendered":"https:\/\/serveiseducatius.xtec.cat\/credac-perebarnils\/?p=17099"},"modified":"2022-03-02T10:36:36","modified_gmt":"2022-03-02T09:36:36","slug":"donem-a-coneixer-als-futurs-mestres-de-la-ub-el-nostre-servei","status":"publish","type":"post","link":"https:\/\/serveiseducatius.xtec.cat\/credac-perebarnils\/portada\/donem-a-coneixer-als-futurs-mestres-de-la-ub-el-nostre-servei\/","title":{"rendered":"Donem a con\u00e8ixer als futurs mestres de la UB el nostre servei"},"content":{"rendered":"<div style=\"text-align: justify;\">Els dies 16 i 18 de febrer la Montserrat Anglarill, directora del CREDA, ha impartit una classe als alumnes de magisteri de l&#8217;UB. L&#8217;objectiu d&#8217;aquesta activitat, que ja fa 3 cursos que fem, \u00e9s la de donar a con\u00e8ixer el CREDA als alumnes de magisteri i futurs mestres. Volem que coneguin les necessitats dels alumnes amb p\u00e8rdua auditiva i les dels alumnes amb greus dificultats del llenguatge o de la parla, i, sobretot, fer-los coneixedors dels suports que el CREDA ofereix i de la import\u00e0ncia que, un cop siguin mestres, t\u00e9 el treball en equip amb les logopedes que atenen els alumnes.<\/div>\n<div style=\"text-align: justify;\">Agra\u00efm a la ma Josep Jarque que ens hagi convidat.<\/div>\n<div style=\"text-align: justify;\">De la mateixa manera i amb objectius compartits hem fet una xerrada de presentaci\u00f3 del CREDA als alumnes del cicle formatiu d&#8217;audiologia prot\u00e8tica de l&#8217;Institut Castellarnau i als de Magisteri de Blanquerna.<\/div>\n<div><\/div>\n<div><a href=\"https:\/\/serveiseducatius.xtec.cat\/credac-perebarnils\/wp-content\/uploads\/usu1333\/2022\/03\/IMG-20220301-WA0014.jpg\"><img loading=\"lazy\" decoding=\"async\" class=\"alignnone  wp-image-17101\" src=\"https:\/\/serveiseducatius.xtec.cat\/credac-perebarnils\/wp-content\/uploads\/usu1333\/2022\/03\/IMG-20220301-WA0014-1024x768.jpg\" alt=\"\" width=\"610\" height=\"458\" srcset=\"https:\/\/serveiseducatius.xtec.cat\/credac-perebarnils\/wp-content\/uploads\/usu1333\/2022\/03\/IMG-20220301-WA0014-1024x768.jpg 1024w, https:\/\/serveiseducatius.xtec.cat\/credac-perebarnils\/wp-content\/uploads\/usu1333\/2022\/03\/IMG-20220301-WA0014-300x225.jpg 300w, https:\/\/serveiseducatius.xtec.cat\/credac-perebarnils\/wp-content\/uploads\/usu1333\/2022\/03\/IMG-20220301-WA0014-768x576.jpg 768w, https:\/\/serveiseducatius.xtec.cat\/credac-perebarnils\/wp-content\/uploads\/usu1333\/2022\/03\/IMG-20220301-WA0014-1536x1152.jpg 1536w, https:\/\/serveiseducatius.xtec.cat\/credac-perebarnils\/wp-content\/uploads\/usu1333\/2022\/03\/IMG-20220301-WA0014-200x150.jpg 200w, https:\/\/serveiseducatius.xtec.cat\/credac-perebarnils\/wp-content\/uploads\/usu1333\/2022\/03\/IMG-20220301-WA0014.jpg 1824w\" sizes=\"auto, (max-width: 610px) 100vw, 610px\" \/><\/a><\/div>\n","protected":false},"excerpt":{"rendered":"<p>Els dies 16 i 18 de febrer la Montserrat Anglarill, directora del CREDA, ha impartit una classe als alumnes de magisteri de l&#8217;UB. L&#8217;objectiu d&#8217;aquesta activitat, que ja fa 3 cursos que fem, \u00e9s la de donar a con\u00e8ixer el CREDA als alumnes de magisteri&hellip;  <a href=\"https:\/\/serveiseducatius.xtec.cat\/credac-perebarnils\/portada\/donem-a-coneixer-als-futurs-mestres-de-la-ub-el-nostre-servei\/\" title=\"Read Donem a con\u00e8ixer als futurs mestres de la UB el nostre servei\">Llegeix m\u00e9s\u00bb<\/a><\/p>\n","protected":false},"author":7,"featured_media":17100,"comment_status":"open","ping_status":"closed","sticky":false,"template":"","format":"standard","meta":{"_bbp_topic_count":0,"_bbp_reply_count":0,"_bbp_total_topic_count":0,"_bbp_total_reply_count":0,"_bbp_voice_count":0,"_bbp_anonymous_reply_count":0,"_bbp_topic_count_hidden":0,"_bbp_reply_count_hidden":0,"_bbp_forum_subforum_count":0,"footnotes":""},"categories":[273],"tags":[986,1467,1466],"class_list":["post-17099","post","type-post","status-publish","format-standard","has-post-thumbnail","hentry","category-portada","tag-creda-pere-barnils","tag-estudiants-magisteri","tag-universitat"],"post_mailing_queue_ids":[],"_links":{"self":[{"href":"https:\/\/serveiseducatius.xtec.cat\/credac-perebarnils\/wp-json\/wp\/v2\/posts\/17099","targetHints":{"allow":["GET"]}}],"collection":[{"href":"https:\/\/serveiseducatius.xtec.cat\/credac-perebarnils\/wp-json\/wp\/v2\/posts"}],"about":[{"href":"https:\/\/serveiseducatius.xtec.cat\/credac-perebarnils\/wp-json\/wp\/v2\/types\/post"}],"author":[{"embeddable":true,"href":"https:\/\/serveiseducatius.xtec.cat\/credac-perebarnils\/wp-json\/wp\/v2\/users\/7"}],"replies":[{"embeddable":true,"href":"https:\/\/serveiseducatius.xtec.cat\/credac-perebarnils\/wp-json\/wp\/v2\/comments?post=17099"}],"version-history":[{"count":1,"href":"https:\/\/serveiseducatius.xtec.cat\/credac-perebarnils\/wp-json\/wp\/v2\/posts\/17099\/revisions"}],"predecessor-version":[{"id":17102,"href":"https:\/\/serveiseducatius.xtec.cat\/credac-perebarnils\/wp-json\/wp\/v2\/posts\/17099\/revisions\/17102"}],"wp:featuredmedia":[{"embeddable":true,"href":"https:\/\/serveiseducatius.xtec.cat\/credac-perebarnils\/wp-json\/wp\/v2\/media\/17100"}],"wp:attachment":[{"href":"https:\/\/serveiseducatius.xtec.cat\/credac-perebarnils\/wp-json\/wp\/v2\/media?parent=17099"}],"wp:term":[{"taxonomy":"category","embeddable":true,"href":"https:\/\/serveiseducatius.xtec.cat\/credac-perebarnils\/wp-json\/wp\/v2\/categories?post=17099"},{"taxonomy":"post_tag","embeddable":true,"href":"https:\/\/serveiseducatius.xtec.cat\/credac-perebarnils\/wp-json\/wp\/v2\/tags?post=17099"}],"curies":[{"name":"wp","href":"https:\/\/api.w.org\/{rel}","templated":true}]}}