{"id":17075,"date":"2022-02-17T13:12:53","date_gmt":"2022-02-17T12:12:53","guid":{"rendered":"https:\/\/serveiseducatius.xtec.cat\/credac-perebarnils\/?p=17075"},"modified":"2022-02-17T13:19:37","modified_gmt":"2022-02-17T12:19:37","slug":"17-de-febrer-dia-mundial-de-la-motricitat-orofacial","status":"publish","type":"post","link":"https:\/\/serveiseducatius.xtec.cat\/credac-perebarnils\/portada\/17-de-febrer-dia-mundial-de-la-motricitat-orofacial\/","title":{"rendered":"17 de febrer : Dia Mundial de la Motricitat Orofacial"},"content":{"rendered":"<p>Avui celebrem el <em>Dia Mundial de la Motricitat Orofacial<\/em>. Enguany, el lema \u00e9s &#8220;Evaluaci\u00f3n y tratamiento de las funciones orofaciales : competencia del logopeda&#8221;.<\/p>\n<p>La comunicaci\u00f3 \u00e9s un dels aspectes m\u00e9s complexos i elaborats de l&#8217;\u00e9sser hum\u00e0, i implica funcions auditives,<br \/>\ncognitives, respirat\u00f2ries,de degluci\u00f3, tub\u00e0riques i vocals. Amb el nom de Motricitat Orofacial es designa a l&#8217;\u00e0rea<br \/>\nque s&#8217;ocupa de l&#8217;estudi, recerca, prevenci\u00f3, detecci\u00f3, avaluaci\u00f3, habilitaci\u00f3, diagn\u00f2stic i tractament de les<br \/>\nfuncions orals no verbals, com s\u00f3n la respiraci\u00f3, la succi\u00f3, la degluci\u00f3 i la masticaci\u00f3.<\/p>\n<p>Els logopedes s\u00f3n els professionals de la salut que avaluen i tracten a les persones que tenen disfuncions o<br \/>\nalteracions en les funcions orals no verbals, tamb\u00e9 denominades funcions orofacials.<\/p>\n<p>La prevenci\u00f3 d&#8217;alteracions m\u00e9s complexes mitjan\u00e7ant la detecci\u00f3 preco\u00e7, aix\u00ed com l&#8217;avaluaci\u00f3, el diagn\u00f2stic<br \/>\nlogop\u00e8dic i el tractament funcional adequat per a cada pacient, contribuir\u00e0 a millorar la qualitat de vida i l&#8217;acompliment personal i social.<\/p>\n<p><img loading=\"lazy\" decoding=\"async\" class=\"\" src=\"https:\/\/serveiseducatius.xtec.cat\/credac-perebarnils\/wp-content\/uploads\/usu1333\/2022\/02\/dia-mundial-motricitat-orofacial.jpg\" width=\"456\" height=\"143\" \/><\/p>\n","protected":false},"excerpt":{"rendered":"<p>Avui celebrem el Dia Mundial de la Motricitat Orofacial. Enguany, el lema \u00e9s &#8220;Evaluaci\u00f3n y tratamiento de las funciones orofaciales : competencia del logopeda&#8221;.<br \/>\nLa comunicaci\u00f3 \u00e9s un dels aspectes m\u00e9s complexos i elaborats de l&#8217;\u00e9sser hum\u00e0, i implica funcions auditives,<br \/>\ncognitives, respirat\u00f2ries,de degluci\u00f3, tub\u00e0riques i vocals.&hellip;  <a href=\"https:\/\/serveiseducatius.xtec.cat\/credac-perebarnils\/portada\/17-de-febrer-dia-mundial-de-la-motricitat-orofacial\/\" title=\"Read 17 de febrer : Dia Mundial de la Motricitat Orofacial\">Llegeix m\u00e9s\u00bb<\/a><\/p>\n","protected":false},"author":7,"featured_media":17079,"comment_status":"open","ping_status":"closed","sticky":false,"template":"","format":"standard","meta":{"_bbp_topic_count":0,"_bbp_reply_count":0,"_bbp_total_topic_count":0,"_bbp_total_reply_count":0,"_bbp_voice_count":0,"_bbp_anonymous_reply_count":0,"_bbp_topic_count_hidden":0,"_bbp_reply_count_hidden":0,"_bbp_forum_subforum_count":0,"footnotes":""},"categories":[273],"tags":[1457],"class_list":["post-17075","post","type-post","status-publish","format-standard","has-post-thumbnail","hentry","category-portada","tag-dia-mundial-motricitat-orofacial"],"post_mailing_queue_ids":[],"_links":{"self":[{"href":"https:\/\/serveiseducatius.xtec.cat\/credac-perebarnils\/wp-json\/wp\/v2\/posts\/17075","targetHints":{"allow":["GET"]}}],"collection":[{"href":"https:\/\/serveiseducatius.xtec.cat\/credac-perebarnils\/wp-json\/wp\/v2\/posts"}],"about":[{"href":"https:\/\/serveiseducatius.xtec.cat\/credac-perebarnils\/wp-json\/wp\/v2\/types\/post"}],"author":[{"embeddable":true,"href":"https:\/\/serveiseducatius.xtec.cat\/credac-perebarnils\/wp-json\/wp\/v2\/users\/7"}],"replies":[{"embeddable":true,"href":"https:\/\/serveiseducatius.xtec.cat\/credac-perebarnils\/wp-json\/wp\/v2\/comments?post=17075"}],"version-history":[{"count":2,"href":"https:\/\/serveiseducatius.xtec.cat\/credac-perebarnils\/wp-json\/wp\/v2\/posts\/17075\/revisions"}],"predecessor-version":[{"id":17078,"href":"https:\/\/serveiseducatius.xtec.cat\/credac-perebarnils\/wp-json\/wp\/v2\/posts\/17075\/revisions\/17078"}],"wp:featuredmedia":[{"embeddable":true,"href":"https:\/\/serveiseducatius.xtec.cat\/credac-perebarnils\/wp-json\/wp\/v2\/media\/17079"}],"wp:attachment":[{"href":"https:\/\/serveiseducatius.xtec.cat\/credac-perebarnils\/wp-json\/wp\/v2\/media?parent=17075"}],"wp:term":[{"taxonomy":"category","embeddable":true,"href":"https:\/\/serveiseducatius.xtec.cat\/credac-perebarnils\/wp-json\/wp\/v2\/categories?post=17075"},{"taxonomy":"post_tag","embeddable":true,"href":"https:\/\/serveiseducatius.xtec.cat\/credac-perebarnils\/wp-json\/wp\/v2\/tags?post=17075"}],"curies":[{"name":"wp","href":"https:\/\/api.w.org\/{rel}","templated":true}]}}