{"id":16742,"date":"2021-06-03T16:21:47","date_gmt":"2021-06-03T14:21:47","guid":{"rendered":"http:\/\/serveiseducatius.xtec.cat\/credac-perebarnils\/?p=16742"},"modified":"2021-06-03T16:21:47","modified_gmt":"2021-06-03T14:21:47","slug":"3-de-juny-de-2021-onze-aniversari-de-laprovacio-de-la-llei-de-la-lsc","status":"publish","type":"post","link":"https:\/\/serveiseducatius.xtec.cat\/credac-perebarnils\/portada\/3-de-juny-de-2021-onze-aniversari-de-laprovacio-de-la-llei-de-la-lsc\/","title":{"rendered":"3 de juny de 2021: Onz\u00e8 aniversari de l&#8217;aprovaci\u00f3 de la Llei de la LSC"},"content":{"rendered":"<p><img decoding=\"async\" src=\"https:\/\/imatges.vilaweb.cat\/nacional\/wp-content\/uploads\/2019\/07\/llengua-de-signes-28194042-604x270.png\" \/><br \/>\nAvui es celebra l&#8217;onz\u00e8 aniversari de l&#8217;aprovaci\u00f3 per part del Parlament de Catalunya, de la <a href=\"https:\/\/portaldogc.gencat.cat\/utilsEADOP\/PDF\/5647\/1107709.pdf\">Llei 17\/2010<\/a>, de 3 de juny, de la Llengua de Signes Catalana.<\/p>\n<p>Amb el temps s&#8217;han anat reconeixent els drets dels usuaris signants de tenir aquesta llengua, amb la seva normativitzaci\u00f3 plena i un \u00fas com a tal.<\/p>\n<p>El 2012, any de creaci\u00f3 del Consell de la LSD, \u00e9s l&#8217;\u00f2rgan que dirigeix, planifica, coordina i executa la pol\u00edtica ling\u00fc\u00edstica de la LSC, dins del Departament de Cultura.<\/p>\n","protected":false},"excerpt":{"rendered":"<p>Avui es celebra l&#8217;onz\u00e8 aniversari de l&#8217;aprovaci\u00f3 per part del Parlament de Catalunya, de la <a href=\"https:\/\/portaldogc.gencat.cat\/utilsEADOP\/PDF\/5647\/1107709.pdf\">Llei 17\/2010<\/a>, de 3 de juny, de la Llengua de Signes Catalana.<br \/>\nAmb el temps s&#8217;han anat reconeixent els drets dels usuaris signants de tenir aquesta llengua, amb la seva&hellip;  <a href=\"https:\/\/serveiseducatius.xtec.cat\/credac-perebarnils\/portada\/3-de-juny-de-2021-onze-aniversari-de-laprovacio-de-la-llei-de-la-lsc\/\" title=\"Read 3 de juny de 2021: Onz\u00e8 aniversari de l&#8217;aprovaci\u00f3 de la Llei de la LSC\">Llegeix m\u00e9s\u00bb<\/a><\/p>\n","protected":false},"author":7,"featured_media":16743,"comment_status":"open","ping_status":"closed","sticky":false,"template":"","format":"standard","meta":{"_bbp_topic_count":0,"_bbp_reply_count":0,"_bbp_total_topic_count":0,"_bbp_total_reply_count":0,"_bbp_voice_count":0,"_bbp_anonymous_reply_count":0,"_bbp_topic_count_hidden":0,"_bbp_reply_count_hidden":0,"_bbp_forum_subforum_count":0,"footnotes":""},"categories":[273],"tags":[1404,1403,747],"class_list":["post-16742","post","type-post","status-publish","format-standard","has-post-thumbnail","hentry","category-portada","tag-efemeride","tag-llei-lsc","tag-lsc"],"post_mailing_queue_ids":[],"_links":{"self":[{"href":"https:\/\/serveiseducatius.xtec.cat\/credac-perebarnils\/wp-json\/wp\/v2\/posts\/16742","targetHints":{"allow":["GET"]}}],"collection":[{"href":"https:\/\/serveiseducatius.xtec.cat\/credac-perebarnils\/wp-json\/wp\/v2\/posts"}],"about":[{"href":"https:\/\/serveiseducatius.xtec.cat\/credac-perebarnils\/wp-json\/wp\/v2\/types\/post"}],"author":[{"embeddable":true,"href":"https:\/\/serveiseducatius.xtec.cat\/credac-perebarnils\/wp-json\/wp\/v2\/users\/7"}],"replies":[{"embeddable":true,"href":"https:\/\/serveiseducatius.xtec.cat\/credac-perebarnils\/wp-json\/wp\/v2\/comments?post=16742"}],"version-history":[{"count":1,"href":"https:\/\/serveiseducatius.xtec.cat\/credac-perebarnils\/wp-json\/wp\/v2\/posts\/16742\/revisions"}],"predecessor-version":[{"id":16744,"href":"https:\/\/serveiseducatius.xtec.cat\/credac-perebarnils\/wp-json\/wp\/v2\/posts\/16742\/revisions\/16744"}],"wp:featuredmedia":[{"embeddable":true,"href":"https:\/\/serveiseducatius.xtec.cat\/credac-perebarnils\/wp-json\/wp\/v2\/media\/16743"}],"wp:attachment":[{"href":"https:\/\/serveiseducatius.xtec.cat\/credac-perebarnils\/wp-json\/wp\/v2\/media?parent=16742"}],"wp:term":[{"taxonomy":"category","embeddable":true,"href":"https:\/\/serveiseducatius.xtec.cat\/credac-perebarnils\/wp-json\/wp\/v2\/categories?post=16742"},{"taxonomy":"post_tag","embeddable":true,"href":"https:\/\/serveiseducatius.xtec.cat\/credac-perebarnils\/wp-json\/wp\/v2\/tags?post=16742"}],"curies":[{"name":"wp","href":"https:\/\/api.w.org\/{rel}","templated":true}]}}