{"id":16498,"date":"2021-03-03T09:59:42","date_gmt":"2021-03-03T08:59:42","guid":{"rendered":"http:\/\/serveiseducatius.xtec.cat\/credac-perebarnils\/?p=16498"},"modified":"2021-03-03T09:59:42","modified_gmt":"2021-03-03T08:59:42","slug":"3-de-marc-de-2021-dia-mundial-de-laudicio","status":"publish","type":"post","link":"https:\/\/serveiseducatius.xtec.cat\/credac-perebarnils\/portada\/3-de-marc-de-2021-dia-mundial-de-laudicio\/","title":{"rendered":"3 de mar\u00e7 de 2021 : Dia Mundial de l&#8217;Audici\u00f3"},"content":{"rendered":"<p>El dia 3 de mar\u00e7, \u00e9s el Dia Mundial de l&#8217;Audici\u00f3. El tema d&#8217;enguany \u00e9s\u00a0<em>Cura de l&#8217;audici\u00f3 per a tothom. Identificar. Rehabilitar. Comunicar-se<\/em>. Amb motiu d&#8217;aquest dia, l&#8217;Organitzaci\u00f3 Nacional de la Salut (OMS) publicar\u00e0 el seu informe anual sobre l&#8217;audici\u00f3 fer una crida a tothom per tractar la p\u00e8rdua auditiva i les malalties de l&#8217;o\u00efda en totes les etapes de la vida.<\/p>\n<p>El Dia Mundial de l&#8217;Audici\u00f3 \u00e9s una iniciativa anual de l&#8217;OMS que t\u00e9 com a objectiu, compartir informaci\u00f3 i promoure accions encaminades a prevenir la p\u00e8rdua de l&#8217;audici\u00f3 i millorar la cura de l&#8217;o\u00efda.<\/p>\n<p>Si voleu m\u00e9s informaci\u00f3 podeu anar a la <a href=\"https:\/\/www.who.int\/campaigns\/world-hearing-day\/2021\">p\u00e0gina web oficial de l&#8217;OMS<\/a> sobre l&#8217;esdeveniment (en angl\u00e8s)<\/p>\n<p>&nbsp;<\/p>\n","protected":false},"excerpt":{"rendered":"<p>El dia 3 de mar\u00e7, \u00e9s el Dia Mundial de l&#8217;Audici\u00f3. El tema d&#8217;enguany \u00e9s\u00a0Cura de l&#8217;audici\u00f3 per a tothom. Identificar. Rehabilitar. Comunicar-se. Amb motiu d&#8217;aquest dia, l&#8217;Organitzaci\u00f3 Nacional de la Salut (OMS) publicar\u00e0 el seu informe anual sobre l&#8217;audici\u00f3 fer una crida a tothom&hellip;  <a href=\"https:\/\/serveiseducatius.xtec.cat\/credac-perebarnils\/portada\/3-de-marc-de-2021-dia-mundial-de-laudicio\/\" title=\"Read 3 de mar\u00e7 de 2021 : Dia Mundial de l&#8217;Audici\u00f3\">Llegeix m\u00e9s\u00bb<\/a><\/p>\n","protected":false},"author":7,"featured_media":16499,"comment_status":"open","ping_status":"closed","sticky":false,"template":"","format":"standard","meta":{"_bbp_topic_count":0,"_bbp_reply_count":0,"_bbp_total_topic_count":0,"_bbp_total_reply_count":0,"_bbp_voice_count":0,"_bbp_anonymous_reply_count":0,"_bbp_topic_count_hidden":0,"_bbp_reply_count_hidden":0,"_bbp_forum_subforum_count":0,"footnotes":""},"categories":[273],"tags":[712],"class_list":["post-16498","post","type-post","status-publish","format-standard","has-post-thumbnail","hentry","category-portada","tag-dia-internacional-de-laudicio"],"post_mailing_queue_ids":[],"_links":{"self":[{"href":"https:\/\/serveiseducatius.xtec.cat\/credac-perebarnils\/wp-json\/wp\/v2\/posts\/16498","targetHints":{"allow":["GET"]}}],"collection":[{"href":"https:\/\/serveiseducatius.xtec.cat\/credac-perebarnils\/wp-json\/wp\/v2\/posts"}],"about":[{"href":"https:\/\/serveiseducatius.xtec.cat\/credac-perebarnils\/wp-json\/wp\/v2\/types\/post"}],"author":[{"embeddable":true,"href":"https:\/\/serveiseducatius.xtec.cat\/credac-perebarnils\/wp-json\/wp\/v2\/users\/7"}],"replies":[{"embeddable":true,"href":"https:\/\/serveiseducatius.xtec.cat\/credac-perebarnils\/wp-json\/wp\/v2\/comments?post=16498"}],"version-history":[{"count":1,"href":"https:\/\/serveiseducatius.xtec.cat\/credac-perebarnils\/wp-json\/wp\/v2\/posts\/16498\/revisions"}],"predecessor-version":[{"id":16500,"href":"https:\/\/serveiseducatius.xtec.cat\/credac-perebarnils\/wp-json\/wp\/v2\/posts\/16498\/revisions\/16500"}],"wp:featuredmedia":[{"embeddable":true,"href":"https:\/\/serveiseducatius.xtec.cat\/credac-perebarnils\/wp-json\/wp\/v2\/media\/16499"}],"wp:attachment":[{"href":"https:\/\/serveiseducatius.xtec.cat\/credac-perebarnils\/wp-json\/wp\/v2\/media?parent=16498"}],"wp:term":[{"taxonomy":"category","embeddable":true,"href":"https:\/\/serveiseducatius.xtec.cat\/credac-perebarnils\/wp-json\/wp\/v2\/categories?post=16498"},{"taxonomy":"post_tag","embeddable":true,"href":"https:\/\/serveiseducatius.xtec.cat\/credac-perebarnils\/wp-json\/wp\/v2\/tags?post=16498"}],"curies":[{"name":"wp","href":"https:\/\/api.w.org\/{rel}","templated":true}]}}