{"id":16310,"date":"2020-12-10T12:04:21","date_gmt":"2020-12-10T11:04:21","guid":{"rendered":"http:\/\/serveiseducatius.xtec.cat\/credac-perebarnils\/?p=16310"},"modified":"2020-12-10T12:04:21","modified_gmt":"2020-12-10T11:04:21","slug":"xarxa-de-formacio-acapps-cicle-formatiu-per-a-families-amb-la-john-tracy-center","status":"publish","type":"post","link":"https:\/\/serveiseducatius.xtec.cat\/credac-perebarnils\/families\/xarxa-de-formacio-acapps-cicle-formatiu-per-a-families-amb-la-john-tracy-center\/","title":{"rendered":"Xarxa de Formaci\u00f3 ACAPPS: Cicle formatiu per a fam\u00edlies amb la John Tracy Center"},"content":{"rendered":"<p>L&#8217;Escola de Fam\u00edlies d&#8217;Acapps ofereix a les fam\u00edlies amb infants sords d&#8217;entre 0 i 6 anys un cicle de xerrades a c\u00e0rrec de la John Tracy Center JTC. Us facilitem l&#8217;enlla\u00e7.<\/p>\n<p><a href=\"https:\/\/acapps.org\/web\/2020\/12\/04\/xarxa-de-formacio-especialitzada-dacapps-cicle-formatiu-per-a-families-amb-la-john-tracy-center\/\">https:\/\/acapps.org\/web\/2020\/12\/04\/xarxa-de-formacio-especialitzada-dacapps-cicle-formatiu-per-a-families-amb-la-john-tracy-center\/<\/a><\/p>\n","protected":false},"excerpt":{"rendered":"<p>L&#8217;Escola de Fam\u00edlies d&#8217;Acapps ofereix a les fam\u00edlies amb infants sords d&#8217;entre 0 i 6 anys un cicle de xerrades a c\u00e0rrec de la John Tracy Center JTC. Us facilitem l&#8217;enlla\u00e7.<br \/>\n<a href=\"https:\/\/acapps.org\/web\/2020\/12\/04\/xarxa-de-formacio-especialitzada-dacapps-cicle-formatiu-per-a-families-amb-la-john-tracy-center\/\">https:\/\/acapps.org\/web\/2020\/12\/04\/xarxa-de-formacio-especialitzada-dacapps-cicle-formatiu-per-a-families-amb-la-john-tracy-center\/<\/a><\/p>\n","protected":false},"author":7,"featured_media":16311,"comment_status":"open","ping_status":"closed","sticky":false,"template":"","format":"standard","meta":{"_bbp_topic_count":0,"_bbp_reply_count":0,"_bbp_total_topic_count":0,"_bbp_total_reply_count":0,"_bbp_voice_count":0,"_bbp_anonymous_reply_count":0,"_bbp_topic_count_hidden":0,"_bbp_reply_count_hidden":0,"_bbp_forum_subforum_count":0,"footnotes":""},"categories":[271,273],"tags":[1324],"class_list":["post-16310","post","type-post","status-publish","format-standard","has-post-thumbnail","hentry","category-families","category-portada","tag-formacio-de-pares"],"post_mailing_queue_ids":[],"_links":{"self":[{"href":"https:\/\/serveiseducatius.xtec.cat\/credac-perebarnils\/wp-json\/wp\/v2\/posts\/16310","targetHints":{"allow":["GET"]}}],"collection":[{"href":"https:\/\/serveiseducatius.xtec.cat\/credac-perebarnils\/wp-json\/wp\/v2\/posts"}],"about":[{"href":"https:\/\/serveiseducatius.xtec.cat\/credac-perebarnils\/wp-json\/wp\/v2\/types\/post"}],"author":[{"embeddable":true,"href":"https:\/\/serveiseducatius.xtec.cat\/credac-perebarnils\/wp-json\/wp\/v2\/users\/7"}],"replies":[{"embeddable":true,"href":"https:\/\/serveiseducatius.xtec.cat\/credac-perebarnils\/wp-json\/wp\/v2\/comments?post=16310"}],"version-history":[{"count":1,"href":"https:\/\/serveiseducatius.xtec.cat\/credac-perebarnils\/wp-json\/wp\/v2\/posts\/16310\/revisions"}],"predecessor-version":[{"id":16312,"href":"https:\/\/serveiseducatius.xtec.cat\/credac-perebarnils\/wp-json\/wp\/v2\/posts\/16310\/revisions\/16312"}],"wp:featuredmedia":[{"embeddable":true,"href":"https:\/\/serveiseducatius.xtec.cat\/credac-perebarnils\/wp-json\/wp\/v2\/media\/16311"}],"wp:attachment":[{"href":"https:\/\/serveiseducatius.xtec.cat\/credac-perebarnils\/wp-json\/wp\/v2\/media?parent=16310"}],"wp:term":[{"taxonomy":"category","embeddable":true,"href":"https:\/\/serveiseducatius.xtec.cat\/credac-perebarnils\/wp-json\/wp\/v2\/categories?post=16310"},{"taxonomy":"post_tag","embeddable":true,"href":"https:\/\/serveiseducatius.xtec.cat\/credac-perebarnils\/wp-json\/wp\/v2\/tags?post=16310"}],"curies":[{"name":"wp","href":"https:\/\/api.w.org\/{rel}","templated":true}]}}