{"id":16264,"date":"2020-10-22T10:29:00","date_gmt":"2020-10-22T08:29:00","guid":{"rendered":"http:\/\/serveiseducatius.xtec.cat\/credac-perebarnils\/?p=16264"},"modified":"2020-10-22T10:30:09","modified_gmt":"2020-10-22T08:30:09","slug":"minimo-un-soporte-para-el-entrenamiento-fonologico","status":"publish","type":"post","link":"https:\/\/serveiseducatius.xtec.cat\/credac-perebarnils\/materials\/fonetica-fonologia\/minimo-un-soporte-para-el-entrenamiento-fonologico\/","title":{"rendered":"M\u00ednimo : un soporte para el entrenamiento fonol\u00f3gico"},"content":{"rendered":"<table>\n<tbody>\n<tr style=\"height: 31px;\">\n<td style=\"height: 31px; width: 118px;\">Nom:<\/td>\n<td id=\"nom\" style=\"height: 31px; width: 850px;\" colspan=\"3\"><span data-sheets-value=\"{&quot;1&quot;:2,&quot;2&quot;:&quot;M\u00ednimo : un soporte para el entrenamiento fonol\u00f3gico&quot;}\" data-sheets-userformat=\"{&quot;2&quot;:513,&quot;3&quot;:{&quot;1&quot;:0},&quot;12&quot;:0}\">M\u00ednimo : un soporte para el entrenamiento fonol\u00f3gico<\/span><\/td>\n<\/tr>\n<tr style=\"height: 31px;\">\n<td style=\"height: 31px; width: 118px;\">Descripci\u00f3 breu:<\/td>\n<td id=\"descripciobreu\" style=\"height: 31px; width: 850px;\" colspan=\"3\"><span data-sheets-value=\"{&quot;1&quot;:2,&quot;2&quot;:&quot;Suport visual per a l'entrenament de la discriminaci\u00f3 auditiva, es tracta de paraules que es diferencien en un sol fonema. 1 fullet did\u00e0ctic [10 p.], portada i contraportada del llibre, 96 fitxes (10x14 cm.). &quot;}\" data-sheets-userformat=\"{&quot;2&quot;:513,&quot;3&quot;:{&quot;1&quot;:0},&quot;12&quot;:0}\">Suport visual per a l&#8217;entrenament de la discriminaci\u00f3 auditiva, es tracta de paraules que es diferencien en un sol fonema. 1 fullet did\u00e0ctic [10 p.], portada i contraportada del llibre, 96 fitxes (10&#215;14 cm.). Es pot completar el m\u00e8tode <em>M\u00ednimo<\/em> amb la app https:\/\/minimo-app.com\/<\/span><\/td>\n<\/tr>\n<tr style=\"height: 31px;\">\n<td style=\"height: 31px; width: 118px;\">Indicat per treballar:<\/td>\n<td id=\"indicat\" style=\"height: 31px; width: 850px;\" colspan=\"3\">Fon\u00e8tica i Fonologia<\/td>\n<\/tr>\n<tr style=\"height: 31px;\">\n<td style=\"height: 31px; width: 118px;\">Format:<\/td>\n<td id=\"format\" style=\"height: 31px; width: 850px;\" colspan=\"3\">Material gr\u00e0fic<\/td>\n<\/tr>\n<tr style=\"height: 31px;\">\n<td style=\"height: 31px; width: 118px;\">Marca:<\/td>\n<td id=\"marca\" style=\"height: 31px; width: 850px;\" colspan=\"3\">Llibre: Monfort Ju\u00e1rez, Isabelle. M\u00ednimo : un soporte para el entrenamiento fonol\u00f3gico. Madrid: Entha ediciones, 2002. ISBN 8493201340<\/td>\n<\/tr>\n<tr style=\"height: 31px;\">\n<td style=\"height: 31px; width: 118px;\">Disponible:<\/td>\n<td id=\"disponible\" style=\"height: 31px; width: 113px;\">S\u00ed<\/td>\n<td style=\"height: 31px; width: 371px;\">Data de retorn:<\/td>\n<td><\/td>\n<\/tr>\n<\/tbody>\n<\/table>\n<p><img decoding=\"async\" src=\"https:\/\/serveiseducatius.xtec.cat\/credac-perebarnils\/wp-content\/uploads\/usu1333\/2020\/10\/632-M%C3%ADnimo.jpg\" \/><\/p>\n","protected":false},"excerpt":{"rendered":"<p>Suport visual per a l&#8217;entrenament de la discriminaci\u00f3 auditiva, es tracta de paraules que es diferencien en un sol fonema.&hellip;  <a href=\"https:\/\/serveiseducatius.xtec.cat\/credac-perebarnils\/materials\/fonetica-fonologia\/minimo-un-soporte-para-el-entrenamiento-fonologico\/\" title=\"Read M\u00ednimo : un soporte para el entrenamiento fonol\u00f3gico\">Llegeix m\u00e9s\u00bb<\/a><\/p>\n","protected":false},"author":7,"featured_media":16267,"comment_status":"open","ping_status":"closed","sticky":false,"template":"","format":"standard","meta":{"_bbp_topic_count":0,"_bbp_reply_count":0,"_bbp_total_topic_count":0,"_bbp_total_reply_count":0,"_bbp_voice_count":0,"_bbp_anonymous_reply_count":0,"_bbp_topic_count_hidden":0,"_bbp_reply_count_hidden":0,"_bbp_forum_subforum_count":0,"footnotes":""},"categories":[266,281],"tags":[845],"class_list":["post-16264","post","type-post","status-publish","format-standard","has-post-thumbnail","hentry","category-fonetica-fonologia","category-materials","tag-consciencia-fonologica"],"post_mailing_queue_ids":[],"_links":{"self":[{"href":"https:\/\/serveiseducatius.xtec.cat\/credac-perebarnils\/wp-json\/wp\/v2\/posts\/16264","targetHints":{"allow":["GET"]}}],"collection":[{"href":"https:\/\/serveiseducatius.xtec.cat\/credac-perebarnils\/wp-json\/wp\/v2\/posts"}],"about":[{"href":"https:\/\/serveiseducatius.xtec.cat\/credac-perebarnils\/wp-json\/wp\/v2\/types\/post"}],"author":[{"embeddable":true,"href":"https:\/\/serveiseducatius.xtec.cat\/credac-perebarnils\/wp-json\/wp\/v2\/users\/7"}],"replies":[{"embeddable":true,"href":"https:\/\/serveiseducatius.xtec.cat\/credac-perebarnils\/wp-json\/wp\/v2\/comments?post=16264"}],"version-history":[{"count":3,"href":"https:\/\/serveiseducatius.xtec.cat\/credac-perebarnils\/wp-json\/wp\/v2\/posts\/16264\/revisions"}],"predecessor-version":[{"id":16266,"href":"https:\/\/serveiseducatius.xtec.cat\/credac-perebarnils\/wp-json\/wp\/v2\/posts\/16264\/revisions\/16266"}],"wp:featuredmedia":[{"embeddable":true,"href":"https:\/\/serveiseducatius.xtec.cat\/credac-perebarnils\/wp-json\/wp\/v2\/media\/16267"}],"wp:attachment":[{"href":"https:\/\/serveiseducatius.xtec.cat\/credac-perebarnils\/wp-json\/wp\/v2\/media?parent=16264"}],"wp:term":[{"taxonomy":"category","embeddable":true,"href":"https:\/\/serveiseducatius.xtec.cat\/credac-perebarnils\/wp-json\/wp\/v2\/categories?post=16264"},{"taxonomy":"post_tag","embeddable":true,"href":"https:\/\/serveiseducatius.xtec.cat\/credac-perebarnils\/wp-json\/wp\/v2\/tags?post=16264"}],"curies":[{"name":"wp","href":"https:\/\/api.w.org\/{rel}","templated":true}]}}