{"id":15443,"date":"2020-01-16T10:19:16","date_gmt":"2020-01-16T09:19:16","guid":{"rendered":"http:\/\/serveiseducatius.xtec.cat\/credac-perebarnils\/?p=15443"},"modified":"2020-01-16T10:19:16","modified_gmt":"2020-01-16T09:19:16","slug":"lescola-del-treball-guanya-el-premi-fpcat-en-la-categoria-de-centres-educatius","status":"publish","type":"post","link":"https:\/\/serveiseducatius.xtec.cat\/credac-perebarnils\/portada\/lescola-del-treball-guanya-el-premi-fpcat-en-la-categoria-de-centres-educatius\/","title":{"rendered":"L&#8217;Escola del Treball guanya el premi #FPCAT en la categoria de centres educatius"},"content":{"rendered":"<p>L&#8217;Escola del Treball ha estat reconeguda amb el premi #FPCAT que atorga el Consell Catal\u00e0 de l&#8217;FP, en la categoria de centres formatius, a les bones pr\u00e0ctiques en el camp de la formaci\u00f3 professional.<\/p>\n<p>L&#8217;Escola del Treball fa anys que treballa per oferir un ensenyament professional d&#8217;alta qualitat al mateix temps que promou la inclusi\u00f3 de l&#8217;alumnat amb espec\u00edfiques de suport educatiu. Per aix\u00f2, compta amb la col\u00b7laboraci\u00f3 de professionals del CREDA , la Marta i la Berta, ja que, d&#8217;entre altres projectes inclusius, l&#8217;Escola del Treball \u00e9s un centre amb Projecte de Suport a l&#8217;Audici\u00f3 i el Llenguatge on hi ha escolaritzats, cada curs, desenes d&#8217;alumnes amb sordesa i on hi treballen diverses Int\u00e8rprets en Llengua de Signes.<\/p>\n<p>L&#8217;enhorabona!<\/p>\n<p><a href=\"https:\/\/serveiseducatius.xtec.cat\/credac-perebarnils\/wp-content\/uploads\/usu1333\/2020\/01\/Etreball.jpg\"><img loading=\"lazy\" decoding=\"async\" class=\"aligncenter size-full wp-image-15444\" src=\"https:\/\/serveiseducatius.xtec.cat\/credac-perebarnils\/wp-content\/uploads\/usu1333\/2020\/01\/Etreball.jpg\" alt=\"\" width=\"752\" height=\"564\" srcset=\"https:\/\/serveiseducatius.xtec.cat\/credac-perebarnils\/wp-content\/uploads\/usu1333\/2020\/01\/Etreball.jpg 752w, https:\/\/serveiseducatius.xtec.cat\/credac-perebarnils\/wp-content\/uploads\/usu1333\/2020\/01\/Etreball-300x225.jpg 300w, https:\/\/serveiseducatius.xtec.cat\/credac-perebarnils\/wp-content\/uploads\/usu1333\/2020\/01\/Etreball-200x150.jpg 200w\" sizes=\"auto, (max-width: 752px) 100vw, 752px\" \/><\/a><\/p>\n","protected":false},"excerpt":{"rendered":"<p>L&#8217;Escola del Treball ha estat reconeguda amb el premi #FPCAT que atorga el Consell Catal\u00e0 de l&#8217;FP, en la categoria de centres formatius, a les bones pr\u00e0ctiques en el camp de la formaci\u00f3 professional.<br \/>\nL&#8217;Escola del Treball fa anys que treballa per oferir un ensenyament professional&hellip;  <a href=\"https:\/\/serveiseducatius.xtec.cat\/credac-perebarnils\/portada\/lescola-del-treball-guanya-el-premi-fpcat-en-la-categoria-de-centres-educatius\/\" title=\"Read L&#8217;Escola del Treball guanya el premi #FPCAT en la categoria de centres educatius\">Llegeix m\u00e9s\u00bb<\/a><\/p>\n","protected":false},"author":1,"featured_media":15444,"comment_status":"open","ping_status":"closed","sticky":false,"template":"","format":"standard","meta":{"_bbp_topic_count":0,"_bbp_reply_count":0,"_bbp_total_topic_count":0,"_bbp_total_reply_count":0,"_bbp_voice_count":0,"_bbp_anonymous_reply_count":0,"_bbp_topic_count_hidden":0,"_bbp_reply_count_hidden":0,"_bbp_forum_subforum_count":0,"footnotes":""},"categories":[287,273],"tags":[],"class_list":["post-15443","post","type-post","status-publish","format-standard","has-post-thumbnail","hentry","category-als-mitjans","category-portada"],"post_mailing_queue_ids":[],"_links":{"self":[{"href":"https:\/\/serveiseducatius.xtec.cat\/credac-perebarnils\/wp-json\/wp\/v2\/posts\/15443","targetHints":{"allow":["GET"]}}],"collection":[{"href":"https:\/\/serveiseducatius.xtec.cat\/credac-perebarnils\/wp-json\/wp\/v2\/posts"}],"about":[{"href":"https:\/\/serveiseducatius.xtec.cat\/credac-perebarnils\/wp-json\/wp\/v2\/types\/post"}],"author":[{"embeddable":true,"href":"https:\/\/serveiseducatius.xtec.cat\/credac-perebarnils\/wp-json\/wp\/v2\/users\/1"}],"replies":[{"embeddable":true,"href":"https:\/\/serveiseducatius.xtec.cat\/credac-perebarnils\/wp-json\/wp\/v2\/comments?post=15443"}],"version-history":[{"count":1,"href":"https:\/\/serveiseducatius.xtec.cat\/credac-perebarnils\/wp-json\/wp\/v2\/posts\/15443\/revisions"}],"predecessor-version":[{"id":15445,"href":"https:\/\/serveiseducatius.xtec.cat\/credac-perebarnils\/wp-json\/wp\/v2\/posts\/15443\/revisions\/15445"}],"wp:featuredmedia":[{"embeddable":true,"href":"https:\/\/serveiseducatius.xtec.cat\/credac-perebarnils\/wp-json\/wp\/v2\/media\/15444"}],"wp:attachment":[{"href":"https:\/\/serveiseducatius.xtec.cat\/credac-perebarnils\/wp-json\/wp\/v2\/media?parent=15443"}],"wp:term":[{"taxonomy":"category","embeddable":true,"href":"https:\/\/serveiseducatius.xtec.cat\/credac-perebarnils\/wp-json\/wp\/v2\/categories?post=15443"},{"taxonomy":"post_tag","embeddable":true,"href":"https:\/\/serveiseducatius.xtec.cat\/credac-perebarnils\/wp-json\/wp\/v2\/tags?post=15443"}],"curies":[{"name":"wp","href":"https:\/\/api.w.org\/{rel}","templated":true}]}}