{"id":15298,"date":"2019-12-12T10:11:11","date_gmt":"2019-12-12T09:11:11","guid":{"rendered":"http:\/\/serveiseducatius.xtec.cat\/credac-perebarnils\/?p=15298"},"modified":"2019-12-12T10:15:30","modified_gmt":"2019-12-12T09:15:30","slug":"guia-de-recomanacions-per-a-comunicar-nos-amb-persones-amb-sordesa-i-amb-sordceguesa","status":"publish","type":"post","link":"https:\/\/serveiseducatius.xtec.cat\/credac-perebarnils\/portada\/guia-de-recomanacions-per-a-comunicar-nos-amb-persones-amb-sordesa-i-amb-sordceguesa\/","title":{"rendered":"Guia de recomanacions per a comunicar-nos amb persones amb sordesa i amb sordceguesa"},"content":{"rendered":"<p>L&#8217;Institut Municipal de Persones amb Discapacitat, juntament amb les entitats del sector han elaborat una guia amb recomanacions per comunicar-se de manera efectiva amb persones amb sordesa o sordceguesa. Es tracta d&#8217;una guia b\u00e0sica en qu\u00e8 s&#8217;explica qu\u00e8 \u00e9s la sordesa i la sordceguesa, com es comuniquen aquestes persones, consells i recursos per a una millor comunicaci\u00f3 i per a tothom, aix\u00ed com les icones per comunicar l&#8217;accessibilitat d&#8217;un acte o material. La guia s&#8217;ha editat en Lectura F\u00e0cil per garantir la comprensi\u00f3 de tothom.<\/p>\n<p>Accediu <a href=\"https:\/\/ajuntament.barcelona.cat\/dretssocials\/sites\/default\/files\/arxius-documents\/sordesa-sordceguesa_ca.pdf\">aqu\u00ed<\/a> a la guia<\/p>\n<p><a href=\"https:\/\/serveiseducatius.xtec.cat\/credac-perebarnils\/wp-content\/uploads\/usu1333\/2019\/12\/EJMhbFJWwAAM0lr.jpg\"><img loading=\"lazy\" decoding=\"async\" class=\"alignnone  wp-image-15302\" src=\"https:\/\/serveiseducatius.xtec.cat\/credac-perebarnils\/wp-content\/uploads\/usu1333\/2019\/12\/EJMhbFJWwAAM0lr-768x1024.jpg\" alt=\"\" width=\"395\" height=\"527\" srcset=\"https:\/\/serveiseducatius.xtec.cat\/credac-perebarnils\/wp-content\/uploads\/usu1333\/2019\/12\/EJMhbFJWwAAM0lr-768x1024.jpg 768w, https:\/\/serveiseducatius.xtec.cat\/credac-perebarnils\/wp-content\/uploads\/usu1333\/2019\/12\/EJMhbFJWwAAM0lr-225x300.jpg 225w, https:\/\/serveiseducatius.xtec.cat\/credac-perebarnils\/wp-content\/uploads\/usu1333\/2019\/12\/EJMhbFJWwAAM0lr.jpg 900w\" sizes=\"auto, (max-width: 395px) 100vw, 395px\" \/><\/a><\/p>\n<p>&nbsp;<\/p>\n","protected":false},"excerpt":{"rendered":"<p>L&#8217;Institut Municipal de Persones amb Discapacitat ha publicat una guia al voltant de la sordesa i la sordceguesa. &hellip;  <a href=\"https:\/\/serveiseducatius.xtec.cat\/credac-perebarnils\/portada\/guia-de-recomanacions-per-a-comunicar-nos-amb-persones-amb-sordesa-i-amb-sordceguesa\/\" title=\"Read Guia de recomanacions per a comunicar-nos amb persones amb sordesa i amb sordceguesa\">Llegeix m\u00e9s\u00bb<\/a><\/p>\n","protected":false},"author":7,"featured_media":15301,"comment_status":"open","ping_status":"closed","sticky":false,"template":"","format":"standard","meta":{"_bbp_topic_count":0,"_bbp_reply_count":0,"_bbp_total_topic_count":0,"_bbp_total_reply_count":0,"_bbp_voice_count":0,"_bbp_anonymous_reply_count":0,"_bbp_topic_count_hidden":0,"_bbp_reply_count_hidden":0,"_bbp_forum_subforum_count":0,"footnotes":""},"categories":[273],"tags":[1149,1070],"class_list":["post-15298","post","type-post","status-publish","format-standard","has-post-thumbnail","hentry","category-portada","tag-guia","tag-sordesa"],"post_mailing_queue_ids":[],"_links":{"self":[{"href":"https:\/\/serveiseducatius.xtec.cat\/credac-perebarnils\/wp-json\/wp\/v2\/posts\/15298","targetHints":{"allow":["GET"]}}],"collection":[{"href":"https:\/\/serveiseducatius.xtec.cat\/credac-perebarnils\/wp-json\/wp\/v2\/posts"}],"about":[{"href":"https:\/\/serveiseducatius.xtec.cat\/credac-perebarnils\/wp-json\/wp\/v2\/types\/post"}],"author":[{"embeddable":true,"href":"https:\/\/serveiseducatius.xtec.cat\/credac-perebarnils\/wp-json\/wp\/v2\/users\/7"}],"replies":[{"embeddable":true,"href":"https:\/\/serveiseducatius.xtec.cat\/credac-perebarnils\/wp-json\/wp\/v2\/comments?post=15298"}],"version-history":[{"count":2,"href":"https:\/\/serveiseducatius.xtec.cat\/credac-perebarnils\/wp-json\/wp\/v2\/posts\/15298\/revisions"}],"predecessor-version":[{"id":15303,"href":"https:\/\/serveiseducatius.xtec.cat\/credac-perebarnils\/wp-json\/wp\/v2\/posts\/15298\/revisions\/15303"}],"wp:featuredmedia":[{"embeddable":true,"href":"https:\/\/serveiseducatius.xtec.cat\/credac-perebarnils\/wp-json\/wp\/v2\/media\/15301"}],"wp:attachment":[{"href":"https:\/\/serveiseducatius.xtec.cat\/credac-perebarnils\/wp-json\/wp\/v2\/media?parent=15298"}],"wp:term":[{"taxonomy":"category","embeddable":true,"href":"https:\/\/serveiseducatius.xtec.cat\/credac-perebarnils\/wp-json\/wp\/v2\/categories?post=15298"},{"taxonomy":"post_tag","embeddable":true,"href":"https:\/\/serveiseducatius.xtec.cat\/credac-perebarnils\/wp-json\/wp\/v2\/tags?post=15298"}],"curies":[{"name":"wp","href":"https:\/\/api.w.org\/{rel}","templated":true}]}}