{"id":15242,"date":"2019-11-25T09:07:18","date_gmt":"2019-11-25T08:07:18","guid":{"rendered":"http:\/\/serveiseducatius.xtec.cat\/credac-perebarnils\/?p=15242"},"modified":"2019-11-25T09:07:18","modified_gmt":"2019-11-25T08:07:18","slug":"assistencia-al-ii-congres-internacional-sobre-llenguatge-escrit-i-sordesa-a-salamanca","status":"publish","type":"post","link":"https:\/\/serveiseducatius.xtec.cat\/credac-perebarnils\/professionals\/assistencia-al-ii-congres-internacional-sobre-llenguatge-escrit-i-sordesa-a-salamanca\/","title":{"rendered":"Assist\u00e8ncia al II Congr\u00e9s Internacional sobre llenguatge escrit i sordesa a Salamanca"},"content":{"rendered":"<p>El 2n Congr\u00e9s Internacional sobre llenguatge escrit i sordesa s&#8217;ha celebrat la setmana passada, a Salamanca i, com no podia ser d&#8217;una altra manera, el CREDA hi ha estat present, amb 9 professionals que s&#8217;hi han despla\u00e7at i un p\u00f2ster presentat.<\/p>\n<p>Vam compartir els nous estudis realitzats i les maneres de treballar de diferents ciutats i diferents projectes educatius.<\/p>\n<p>Vam poder aportar la nostra reflexi\u00f3, juntament amb la Maria Josep Jarque, amb un p\u00f2ster que va rebre bones voloracions.<\/p>\n<p>Hem coincidit amb professionals, tamb\u00e9, d&#8217;altres CREDA.<\/p>\n<p><a href=\"https:\/\/serveiseducatius.xtec.cat\/credac-perebarnils\/wp-content\/uploads\/usu1333\/2019\/11\/IMG-20191123-WA0006.jpg\"><img loading=\"lazy\" decoding=\"async\" class=\"size-medium wp-image-15243 aligncenter\" src=\"https:\/\/serveiseducatius.xtec.cat\/credac-perebarnils\/wp-content\/uploads\/usu1333\/2019\/11\/IMG-20191123-WA0006-300x150.jpg\" alt=\"\" width=\"300\" height=\"150\" srcset=\"https:\/\/serveiseducatius.xtec.cat\/credac-perebarnils\/wp-content\/uploads\/usu1333\/2019\/11\/IMG-20191123-WA0006-300x150.jpg 300w, https:\/\/serveiseducatius.xtec.cat\/credac-perebarnils\/wp-content\/uploads\/usu1333\/2019\/11\/IMG-20191123-WA0006-768x384.jpg 768w, https:\/\/serveiseducatius.xtec.cat\/credac-perebarnils\/wp-content\/uploads\/usu1333\/2019\/11\/IMG-20191123-WA0006-1024x512.jpg 1024w, https:\/\/serveiseducatius.xtec.cat\/credac-perebarnils\/wp-content\/uploads\/usu1333\/2019\/11\/IMG-20191123-WA0006.jpg 2048w\" sizes=\"auto, (max-width: 300px) 100vw, 300px\" \/><\/a><\/p>\n","protected":false},"excerpt":{"rendered":"<p>El 2n Congr\u00e9s Internacional sobre llenguatge escrit i sordesa s&#8217;ha celebrat la setmana passada, a Salamanca i, com no podia ser d&#8217;una altra manera, el CREDA hi ha estat present, amb 9 professionals que s&#8217;hi han despla\u00e7at i un p\u00f2ster presentat.<br \/>\nVam compartir els nous estudis&hellip;  <a href=\"https:\/\/serveiseducatius.xtec.cat\/credac-perebarnils\/professionals\/assistencia-al-ii-congres-internacional-sobre-llenguatge-escrit-i-sordesa-a-salamanca\/\" title=\"Read Assist\u00e8ncia al II Congr\u00e9s Internacional sobre llenguatge escrit i sordesa a Salamanca\">Llegeix m\u00e9s\u00bb<\/a><\/p>\n","protected":false},"author":1,"featured_media":15243,"comment_status":"open","ping_status":"closed","sticky":false,"template":"","format":"standard","meta":{"_bbp_topic_count":0,"_bbp_reply_count":0,"_bbp_total_topic_count":0,"_bbp_total_reply_count":0,"_bbp_voice_count":0,"_bbp_anonymous_reply_count":0,"_bbp_topic_count_hidden":0,"_bbp_reply_count_hidden":0,"_bbp_forum_subforum_count":0,"footnotes":""},"categories":[287,288,273,264],"tags":[],"class_list":["post-15242","post","type-post","status-publish","format-standard","has-post-thumbnail","hentry","category-als-mitjans","category-formacio","category-portada","category-professionals"],"post_mailing_queue_ids":[],"_links":{"self":[{"href":"https:\/\/serveiseducatius.xtec.cat\/credac-perebarnils\/wp-json\/wp\/v2\/posts\/15242","targetHints":{"allow":["GET"]}}],"collection":[{"href":"https:\/\/serveiseducatius.xtec.cat\/credac-perebarnils\/wp-json\/wp\/v2\/posts"}],"about":[{"href":"https:\/\/serveiseducatius.xtec.cat\/credac-perebarnils\/wp-json\/wp\/v2\/types\/post"}],"author":[{"embeddable":true,"href":"https:\/\/serveiseducatius.xtec.cat\/credac-perebarnils\/wp-json\/wp\/v2\/users\/1"}],"replies":[{"embeddable":true,"href":"https:\/\/serveiseducatius.xtec.cat\/credac-perebarnils\/wp-json\/wp\/v2\/comments?post=15242"}],"version-history":[{"count":1,"href":"https:\/\/serveiseducatius.xtec.cat\/credac-perebarnils\/wp-json\/wp\/v2\/posts\/15242\/revisions"}],"predecessor-version":[{"id":15244,"href":"https:\/\/serveiseducatius.xtec.cat\/credac-perebarnils\/wp-json\/wp\/v2\/posts\/15242\/revisions\/15244"}],"wp:featuredmedia":[{"embeddable":true,"href":"https:\/\/serveiseducatius.xtec.cat\/credac-perebarnils\/wp-json\/wp\/v2\/media\/15243"}],"wp:attachment":[{"href":"https:\/\/serveiseducatius.xtec.cat\/credac-perebarnils\/wp-json\/wp\/v2\/media?parent=15242"}],"wp:term":[{"taxonomy":"category","embeddable":true,"href":"https:\/\/serveiseducatius.xtec.cat\/credac-perebarnils\/wp-json\/wp\/v2\/categories?post=15242"},{"taxonomy":"post_tag","embeddable":true,"href":"https:\/\/serveiseducatius.xtec.cat\/credac-perebarnils\/wp-json\/wp\/v2\/tags?post=15242"}],"curies":[{"name":"wp","href":"https:\/\/api.w.org\/{rel}","templated":true}]}}