{"id":14850,"date":"2019-09-04T11:40:47","date_gmt":"2019-09-04T09:40:47","guid":{"rendered":"http:\/\/serveiseducatius.xtec.cat\/credac-perebarnils\/?p=14850"},"modified":"2019-09-04T11:43:21","modified_gmt":"2019-09-04T09:43:21","slug":"convocatoria-dajuts-per-a-alumnes-amb-necessitat-especifica-de-suport-educatiu","status":"publish","type":"post","link":"https:\/\/serveiseducatius.xtec.cat\/credac-perebarnils\/portada\/convocatoria-dajuts-per-a-alumnes-amb-necessitat-especifica-de-suport-educatiu\/","title":{"rendered":"Convocat\u00f2ria d&#8217;ajuts per a alumnes amb necessitat espec\u00edfica de suport educatiu (beques MEC)"},"content":{"rendered":"<p>S&#8217;ha obert la convocat\u00f2ria d&#8217;ajuts per a alumnes amb necessitat espec\u00edfica de suport educatiu. La data de <strong>termini \u00e9s del 28 de juliol fins al 29 de setembre<\/strong>. A l&#8217;enlla\u00e7 que trobareu a continuaci\u00f3, hi ha tota la informaci\u00f3 (termini, documentaci\u00f3, requisits&#8230;) i de com demanar-lo.<\/p>\n<p>Enlla\u00e7 per informaci\u00f3 i sol\u00b7licitar l&#8217;ajut:\u00a0<a href=\"http:\/\/ensenyament.gencat.cat\/ca\/tramits\/tramits-temes\/358-ajuts-ministerio-NEE?moda=1\">http:\/\/ensenyament.gencat.cat\/ca\/tramits\/tramits-temes\/358-ajuts-ministerio-NEE?moda=1<\/a><\/p>\n<p><img loading=\"lazy\" decoding=\"async\" class=\"\" src=\"https:\/\/serveiseducatius.xtec.cat\/credac-perebarnils\/wp-content\/uploads\/usu1333\/2019\/09\/mans-pintures.jpg\" width=\"514\" height=\"342\" \/><\/p>\n","protected":false},"excerpt":{"rendered":"<p>S&#8217;ha obert la convocat\u00f2ria d&#8217;ajuts per a alumnes amb necessitat espec\u00edfica de suport educatiu. La data de termini \u00e9s del 28 de juliol fins al 29 de setembre. A l&#8217;enlla\u00e7 que trobareu a continuaci\u00f3, hi ha tota la informaci\u00f3 (termini, documentaci\u00f3, requisits&#8230;) i de com&hellip;  <a href=\"https:\/\/serveiseducatius.xtec.cat\/credac-perebarnils\/portada\/convocatoria-dajuts-per-a-alumnes-amb-necessitat-especifica-de-suport-educatiu\/\" title=\"Read Convocat\u00f2ria d&#8217;ajuts per a alumnes amb necessitat espec\u00edfica de suport educatiu (beques MEC)\">Llegeix m\u00e9s\u00bb<\/a><\/p>\n","protected":false},"author":7,"featured_media":14851,"comment_status":"open","ping_status":"closed","sticky":false,"template":"","format":"standard","meta":{"_bbp_topic_count":0,"_bbp_reply_count":0,"_bbp_total_topic_count":0,"_bbp_total_reply_count":0,"_bbp_voice_count":0,"_bbp_anonymous_reply_count":0,"_bbp_topic_count_hidden":0,"_bbp_reply_count_hidden":0,"_bbp_forum_subforum_count":0,"footnotes":""},"categories":[273],"tags":[1085],"class_list":["post-14850","post","type-post","status-publish","format-standard","has-post-thumbnail","hentry","category-portada","tag-ajuts-necessitat-especifica-suport-educatiu"],"post_mailing_queue_ids":[],"_links":{"self":[{"href":"https:\/\/serveiseducatius.xtec.cat\/credac-perebarnils\/wp-json\/wp\/v2\/posts\/14850","targetHints":{"allow":["GET"]}}],"collection":[{"href":"https:\/\/serveiseducatius.xtec.cat\/credac-perebarnils\/wp-json\/wp\/v2\/posts"}],"about":[{"href":"https:\/\/serveiseducatius.xtec.cat\/credac-perebarnils\/wp-json\/wp\/v2\/types\/post"}],"author":[{"embeddable":true,"href":"https:\/\/serveiseducatius.xtec.cat\/credac-perebarnils\/wp-json\/wp\/v2\/users\/7"}],"replies":[{"embeddable":true,"href":"https:\/\/serveiseducatius.xtec.cat\/credac-perebarnils\/wp-json\/wp\/v2\/comments?post=14850"}],"version-history":[{"count":2,"href":"https:\/\/serveiseducatius.xtec.cat\/credac-perebarnils\/wp-json\/wp\/v2\/posts\/14850\/revisions"}],"predecessor-version":[{"id":14853,"href":"https:\/\/serveiseducatius.xtec.cat\/credac-perebarnils\/wp-json\/wp\/v2\/posts\/14850\/revisions\/14853"}],"wp:featuredmedia":[{"embeddable":true,"href":"https:\/\/serveiseducatius.xtec.cat\/credac-perebarnils\/wp-json\/wp\/v2\/media\/14851"}],"wp:attachment":[{"href":"https:\/\/serveiseducatius.xtec.cat\/credac-perebarnils\/wp-json\/wp\/v2\/media?parent=14850"}],"wp:term":[{"taxonomy":"category","embeddable":true,"href":"https:\/\/serveiseducatius.xtec.cat\/credac-perebarnils\/wp-json\/wp\/v2\/categories?post=14850"},{"taxonomy":"post_tag","embeddable":true,"href":"https:\/\/serveiseducatius.xtec.cat\/credac-perebarnils\/wp-json\/wp\/v2\/tags?post=14850"}],"curies":[{"name":"wp","href":"https:\/\/api.w.org\/{rel}","templated":true}]}}