{"id":14177,"date":"2019-05-06T15:25:59","date_gmt":"2019-05-06T13:25:59","guid":{"rendered":"http:\/\/serveiseducatius.xtec.cat\/credac-perebarnils\/?p=14177"},"modified":"2019-05-06T15:25:59","modified_gmt":"2019-05-06T13:25:59","slug":"consciencia-fonologica-enriqueta-garriga-merce-peroliu","status":"publish","type":"post","link":"https:\/\/serveiseducatius.xtec.cat\/credac-perebarnils\/materials\/fonetica-fonologia\/consciencia-fonologica-enriqueta-garriga-merce-peroliu\/","title":{"rendered":"Consci\u00e8ncia fonol\u00f2gica. Enriqueta Garriga\/Merc\u00e8 Peroliu"},"content":{"rendered":"<table>\n<tbody>\n<tr>\n<td style=\"font-weight: bold; width: 155px;\">Nom:<\/td>\n<td id=\"nom\" style=\"width: 562px;\" colspan=\"3\"><span data-sheets-value=\"{&quot;1&quot;:2,&quot;2&quot;:&quot;Consci\u00e8ncia fonol\u00f2gica \/ Enriqueta Garriga. Merc\u00e8 Peroliu&quot;}\" data-sheets-userformat=\"{&quot;2&quot;:513,&quot;3&quot;:{&quot;1&quot;:0},&quot;12&quot;:0}\">Consci\u00e8ncia fonol\u00f2gica \/ Enriqueta Garriga. Merc\u00e8 Peroliu<\/span><\/td>\n<\/tr>\n<tr>\n<td style=\"font-weight: bold; width: 155px;\">Descripci\u00f3 breu:<\/td>\n<td id=\"descripciobreu\" style=\"width: 562px;\" colspan=\"3\"><span data-sheets-value=\"{&quot;1&quot;:2,&quot;2&quot;:&quot;Carpeta contenidora: 4 documents. Llic\u00e8ncia d'estudi d'Enriqueta Garriga (2 docs.) + 1 doc. \\&quot;Activitats que es poden fer durant P-3. Consci\u00e8ncia fonol\u00f2gica : quadres resum de Merc\u00e8 Peroliu (1 doc.). Registres 511(1) al 511(4)&quot;}\" data-sheets-userformat=\"{&quot;2&quot;:513,&quot;3&quot;:{&quot;1&quot;:0},&quot;12&quot;:0}\">Carpeta contenidora: 4 documents. Llic\u00e8ncia d&#8217;estudi d&#8217;Enriqueta Garriga (2 docs.) + 1 doc. &#8220;Activitats que es poden fer durant P-3. Consci\u00e8ncia fonol\u00f2gica : quadres resum de Merc\u00e8 Peroliu (1 doc.). Registres 511(1) al 511(4)<\/span><\/td>\n<\/tr>\n<tr>\n<td style=\"font-weight: bold; width: 155px;\">Indicat per treballar:<\/td>\n<td id=\"indicat\" style=\"width: 562px;\" colspan=\"3\">Fon\u00e8tica i fonologia<\/td>\n<\/tr>\n<tr>\n<td style=\"font-weight: bold; width: 155px;\">Format:<\/td>\n<td id=\"format\" style=\"width: 562px;\" colspan=\"3\">Document de text<\/td>\n<\/tr>\n<tr>\n<td style=\"font-weight: bold; width: 155px;\">Marca:<\/td>\n<td id=\"marca\" style=\"width: 562px;\" colspan=\"3\"><\/td>\n<\/tr>\n<tr>\n<td style=\"font-weight: bold; width: 155px;\">Disponible:<\/td>\n<td id=\"disponible\" style=\"width: 14px;\">S\u00ed<\/td>\n<td style=\"font-weight: bold; width: 471px;\">Data de retorn:<\/td>\n<td id=\"dataretorn\" style=\"width: 77px;\"><\/td>\n<\/tr>\n<\/tbody>\n<\/table>\n<p><img loading=\"lazy\" decoding=\"async\" class=\"\" src=\"https:\/\/serveiseducatius.xtec.cat\/credac-perebarnils\/wp-content\/uploads\/usu1333\/2019\/05\/511-Consciencia-fonologica.jpg\" width=\"683\" height=\"512\" \/><\/p>\n","protected":false},"excerpt":{"rendered":"<p>Documentaci\u00f3 textual sobre consci\u00e8ncia fonol\u00f2gica . llic\u00e8ncia d&#8217;estudis d&#8217;Enriqueta Garriga i quadre resum de Merc\u00e8 Peroliu &hellip;  <a href=\"https:\/\/serveiseducatius.xtec.cat\/credac-perebarnils\/materials\/fonetica-fonologia\/consciencia-fonologica-enriqueta-garriga-merce-peroliu\/\" title=\"Read Consci\u00e8ncia fonol\u00f2gica. Enriqueta Garriga\/Merc\u00e8 Peroliu\">Llegeix m\u00e9s\u00bb<\/a><\/p>\n","protected":false},"author":7,"featured_media":14178,"comment_status":"open","ping_status":"closed","sticky":false,"template":"","format":"standard","meta":{"_bbp_topic_count":0,"_bbp_reply_count":0,"_bbp_total_topic_count":0,"_bbp_total_reply_count":0,"_bbp_voice_count":0,"_bbp_anonymous_reply_count":0,"_bbp_topic_count_hidden":0,"_bbp_reply_count_hidden":0,"_bbp_forum_subforum_count":0,"footnotes":""},"categories":[266,281],"tags":[845,1015],"class_list":["post-14177","post","type-post","status-publish","format-standard","has-post-thumbnail","hentry","category-fonetica-fonologia","category-materials","tag-consciencia-fonologica","tag-document-de-text"],"post_mailing_queue_ids":[],"_links":{"self":[{"href":"https:\/\/serveiseducatius.xtec.cat\/credac-perebarnils\/wp-json\/wp\/v2\/posts\/14177","targetHints":{"allow":["GET"]}}],"collection":[{"href":"https:\/\/serveiseducatius.xtec.cat\/credac-perebarnils\/wp-json\/wp\/v2\/posts"}],"about":[{"href":"https:\/\/serveiseducatius.xtec.cat\/credac-perebarnils\/wp-json\/wp\/v2\/types\/post"}],"author":[{"embeddable":true,"href":"https:\/\/serveiseducatius.xtec.cat\/credac-perebarnils\/wp-json\/wp\/v2\/users\/7"}],"replies":[{"embeddable":true,"href":"https:\/\/serveiseducatius.xtec.cat\/credac-perebarnils\/wp-json\/wp\/v2\/comments?post=14177"}],"version-history":[{"count":2,"href":"https:\/\/serveiseducatius.xtec.cat\/credac-perebarnils\/wp-json\/wp\/v2\/posts\/14177\/revisions"}],"predecessor-version":[{"id":14180,"href":"https:\/\/serveiseducatius.xtec.cat\/credac-perebarnils\/wp-json\/wp\/v2\/posts\/14177\/revisions\/14180"}],"wp:featuredmedia":[{"embeddable":true,"href":"https:\/\/serveiseducatius.xtec.cat\/credac-perebarnils\/wp-json\/wp\/v2\/media\/14178"}],"wp:attachment":[{"href":"https:\/\/serveiseducatius.xtec.cat\/credac-perebarnils\/wp-json\/wp\/v2\/media?parent=14177"}],"wp:term":[{"taxonomy":"category","embeddable":true,"href":"https:\/\/serveiseducatius.xtec.cat\/credac-perebarnils\/wp-json\/wp\/v2\/categories?post=14177"},{"taxonomy":"post_tag","embeddable":true,"href":"https:\/\/serveiseducatius.xtec.cat\/credac-perebarnils\/wp-json\/wp\/v2\/tags?post=14177"}],"curies":[{"name":"wp","href":"https:\/\/api.w.org\/{rel}","templated":true}]}}