{"id":13818,"date":"2019-03-28T10:13:28","date_gmt":"2019-03-28T09:13:28","guid":{"rendered":"http:\/\/serveiseducatius.xtec.cat\/credac-perebarnils\/?p=13818"},"modified":"2019-03-28T10:15:04","modified_gmt":"2019-03-28T09:15:04","slug":"assistim-a-les-iii-jornadas-de-actualizacion-audiologica-pediatrica-oirt-a-la-universitat-de-malaga","status":"publish","type":"post","link":"https:\/\/serveiseducatius.xtec.cat\/credac-perebarnils\/general\/assistim-a-les-iii-jornadas-de-actualizacion-audiologica-pediatrica-oirt-a-la-universitat-de-malaga\/","title":{"rendered":"Assistim a les &#8220;III Jornadas de actualizaci\u00f3n audiol\u00f3gica pediatrica oirT&#8221; a la Universitat de M\u00e0laga"},"content":{"rendered":"<p>Els dies 15 i 16 de mar\u00e7, una representaci\u00f3 de professionals del CREDA Pere Barnils va assistir a les <em>III Jornadas de actualizaci\u00f3n audiol\u00f3gica pedi\u00e1trica oirT<\/em>. Es va parlar de les darreres novetats i investigacions sobre la p\u00e8rdua auditiva.<br \/>\nAlhora, ens va facilitar l&#8217;intercanvi amb els professionals d&#8217;all\u00e0 i con\u00e8ixer la situaci\u00f3 a Andalusia.<\/p>\n<p><a href=\"https:\/\/serveiseducatius.xtec.cat\/credac-perebarnils\/wp-content\/uploads\/usu1333\/2019\/03\/malagaCREDA.jpg\"><img loading=\"lazy\" decoding=\"async\" class=\"aligncenter wp-image-13819 size-large\" src=\"https:\/\/serveiseducatius.xtec.cat\/credac-perebarnils\/wp-content\/uploads\/usu1333\/2019\/03\/malagaCREDA-1024x768.jpg\" alt=\"\" width=\"1024\" height=\"768\" srcset=\"https:\/\/serveiseducatius.xtec.cat\/credac-perebarnils\/wp-content\/uploads\/usu1333\/2019\/03\/malagaCREDA-1024x768.jpg 1024w, https:\/\/serveiseducatius.xtec.cat\/credac-perebarnils\/wp-content\/uploads\/usu1333\/2019\/03\/malagaCREDA-300x225.jpg 300w, https:\/\/serveiseducatius.xtec.cat\/credac-perebarnils\/wp-content\/uploads\/usu1333\/2019\/03\/malagaCREDA-768x576.jpg 768w, https:\/\/serveiseducatius.xtec.cat\/credac-perebarnils\/wp-content\/uploads\/usu1333\/2019\/03\/malagaCREDA-200x150.jpg 200w, https:\/\/serveiseducatius.xtec.cat\/credac-perebarnils\/wp-content\/uploads\/usu1333\/2019\/03\/malagaCREDA.jpg 1600w\" sizes=\"auto, (max-width: 1024px) 100vw, 1024px\" \/><\/a><\/p>\n","protected":false},"excerpt":{"rendered":"<p>Els dies 15 i 16 de mar\u00e7, una representaci\u00f3 de professionals del CREDA Pere Barnils va assistir a aquestes jornades.&hellip;  <a href=\"https:\/\/serveiseducatius.xtec.cat\/credac-perebarnils\/general\/assistim-a-les-iii-jornadas-de-actualizacion-audiologica-pediatrica-oirt-a-la-universitat-de-malaga\/\" title=\"Read Assistim a les &#8220;III Jornadas de actualizaci\u00f3n audiol\u00f3gica pediatrica oirT&#8221; a la Universitat de M\u00e0laga\">Llegeix m\u00e9s\u00bb<\/a><\/p>\n","protected":false},"author":1,"featured_media":13819,"comment_status":"open","ping_status":"closed","sticky":false,"template":"","format":"standard","meta":{"_bbp_topic_count":0,"_bbp_reply_count":0,"_bbp_total_topic_count":0,"_bbp_total_reply_count":0,"_bbp_voice_count":0,"_bbp_anonymous_reply_count":0,"_bbp_topic_count_hidden":0,"_bbp_reply_count_hidden":0,"_bbp_forum_subforum_count":0,"footnotes":""},"categories":[287,288,1,273,264],"tags":[],"class_list":["post-13818","post","type-post","status-publish","format-standard","has-post-thumbnail","hentry","category-als-mitjans","category-formacio","category-general","category-portada","category-professionals"],"post_mailing_queue_ids":[],"_links":{"self":[{"href":"https:\/\/serveiseducatius.xtec.cat\/credac-perebarnils\/wp-json\/wp\/v2\/posts\/13818","targetHints":{"allow":["GET"]}}],"collection":[{"href":"https:\/\/serveiseducatius.xtec.cat\/credac-perebarnils\/wp-json\/wp\/v2\/posts"}],"about":[{"href":"https:\/\/serveiseducatius.xtec.cat\/credac-perebarnils\/wp-json\/wp\/v2\/types\/post"}],"author":[{"embeddable":true,"href":"https:\/\/serveiseducatius.xtec.cat\/credac-perebarnils\/wp-json\/wp\/v2\/users\/1"}],"replies":[{"embeddable":true,"href":"https:\/\/serveiseducatius.xtec.cat\/credac-perebarnils\/wp-json\/wp\/v2\/comments?post=13818"}],"version-history":[{"count":4,"href":"https:\/\/serveiseducatius.xtec.cat\/credac-perebarnils\/wp-json\/wp\/v2\/posts\/13818\/revisions"}],"predecessor-version":[{"id":13824,"href":"https:\/\/serveiseducatius.xtec.cat\/credac-perebarnils\/wp-json\/wp\/v2\/posts\/13818\/revisions\/13824"}],"wp:featuredmedia":[{"embeddable":true,"href":"https:\/\/serveiseducatius.xtec.cat\/credac-perebarnils\/wp-json\/wp\/v2\/media\/13819"}],"wp:attachment":[{"href":"https:\/\/serveiseducatius.xtec.cat\/credac-perebarnils\/wp-json\/wp\/v2\/media?parent=13818"}],"wp:term":[{"taxonomy":"category","embeddable":true,"href":"https:\/\/serveiseducatius.xtec.cat\/credac-perebarnils\/wp-json\/wp\/v2\/categories?post=13818"},{"taxonomy":"post_tag","embeddable":true,"href":"https:\/\/serveiseducatius.xtec.cat\/credac-perebarnils\/wp-json\/wp\/v2\/tags?post=13818"}],"curies":[{"name":"wp","href":"https:\/\/api.w.org\/{rel}","templated":true}]}}