{"id":13502,"date":"2019-03-01T12:43:36","date_gmt":"2019-03-01T11:43:36","guid":{"rendered":"http:\/\/serveiseducatius.xtec.cat\/credac-perebarnils\/?p=13502"},"modified":"2019-03-01T12:43:36","modified_gmt":"2019-03-01T11:43:36","slug":"la-consellera-verges-anuncia-que-es-financaran-els-implants-coclears-bilaterals-en-els-casos-dhipoacusia-severa-o-profunda-en-nens","status":"publish","type":"post","link":"https:\/\/serveiseducatius.xtec.cat\/credac-perebarnils\/families\/la-consellera-verges-anuncia-que-es-financaran-els-implants-coclears-bilaterals-en-els-casos-dhipoacusia-severa-o-profunda-en-nens\/","title":{"rendered":"La consellera Verg\u00e9s anuncia que es finan\u00e7aran els implants coclears bilaterals en els casos d&#8217;hipoac\u00fasia severa o profunda en nens"},"content":{"rendered":"<p>La consellera de Salut, Alba Verg\u00e9s, s\u2019ha reunit aquesta tarda amb\u00a0pares i mares d&#8217;infants amb hipoac\u00fasia severa o profunda\u00a0i els ha anunciat l\u2019ampliaci\u00f3 dels criteris d\u2019inclusi\u00f3 dels implants coclears. A partir d\u2019aquest any es finan\u00e7aran els implants coclears bilaterals en els casos d\u2019hipoac\u00fasia severa o profunda en nens. Els implants coclears bilaterals possibiliten una millora de la \u00a0qualitat del so i discernir de manera m\u00e9s clara la seva proced\u00e8ncia. Fins ara el Servei Catal\u00e0 de la Salut (CatSalut) nom\u00e9s finan\u00e7ava un dels implants i els implants bilaterals nom\u00e9s s\u2019afegien en casos molt espec\u00edfics.<\/p>\n<p>Podeu llegir la not\u00edcia sencera a la p\u00e0gina web del <a href=\"http:\/\/salutweb.gencat.cat\/ca\/inici\/nota-premsa\/?id=334742\">Departament de Salut<\/a>.<\/p>\n<p><a href=\"https:\/\/serveiseducatius.xtec.cat\/credac-perebarnils\/wp-content\/uploads\/usu1333\/2019\/03\/bilateral.jpeg\"><img loading=\"lazy\" decoding=\"async\" class=\" wp-image-13503 aligncenter\" src=\"https:\/\/serveiseducatius.xtec.cat\/credac-perebarnils\/wp-content\/uploads\/usu1333\/2019\/03\/bilateral-300x221.jpeg\" alt=\"\" width=\"443\" height=\"326\" srcset=\"https:\/\/serveiseducatius.xtec.cat\/credac-perebarnils\/wp-content\/uploads\/usu1333\/2019\/03\/bilateral-300x221.jpeg 300w, https:\/\/serveiseducatius.xtec.cat\/credac-perebarnils\/wp-content\/uploads\/usu1333\/2019\/03\/bilateral-768x566.jpeg 768w, https:\/\/serveiseducatius.xtec.cat\/credac-perebarnils\/wp-content\/uploads\/usu1333\/2019\/03\/bilateral.jpeg 1024w\" sizes=\"auto, (max-width: 443px) 100vw, 443px\" \/><\/a><\/p>\n","protected":false},"excerpt":{"rendered":"<p>La consellera de Salut, Alba Verg\u00e9s, s\u2019ha reunit aquesta tarda amb\u00a0pares i mares d&#8217;infants amb hipoac\u00fasia severa o profunda\u00a0i els ha anunciat l\u2019ampliaci\u00f3 dels criteris d\u2019inclusi\u00f3 dels implants coclears. A partir d\u2019aquest any es finan\u00e7aran els implants coclears bilaterals en els casos d\u2019hipoac\u00fasia severa o&hellip;  <a href=\"https:\/\/serveiseducatius.xtec.cat\/credac-perebarnils\/families\/la-consellera-verges-anuncia-que-es-financaran-els-implants-coclears-bilaterals-en-els-casos-dhipoacusia-severa-o-profunda-en-nens\/\" title=\"Read La consellera Verg\u00e9s anuncia que es finan\u00e7aran els implants coclears bilaterals en els casos d&#8217;hipoac\u00fasia severa o profunda en nens\">Llegeix m\u00e9s\u00bb<\/a><\/p>\n","protected":false},"author":1,"featured_media":13503,"comment_status":"open","ping_status":"closed","sticky":false,"template":"","format":"standard","meta":{"_bbp_topic_count":0,"_bbp_reply_count":0,"_bbp_total_topic_count":0,"_bbp_total_reply_count":0,"_bbp_voice_count":0,"_bbp_anonymous_reply_count":0,"_bbp_topic_count_hidden":0,"_bbp_reply_count_hidden":0,"_bbp_forum_subforum_count":0,"footnotes":""},"categories":[287,294,271,273],"tags":[],"class_list":["post-13502","post","type-post","status-publish","format-standard","has-post-thumbnail","hentry","category-als-mitjans","category-esdeveniments-families","category-families","category-portada"],"post_mailing_queue_ids":[],"_links":{"self":[{"href":"https:\/\/serveiseducatius.xtec.cat\/credac-perebarnils\/wp-json\/wp\/v2\/posts\/13502","targetHints":{"allow":["GET"]}}],"collection":[{"href":"https:\/\/serveiseducatius.xtec.cat\/credac-perebarnils\/wp-json\/wp\/v2\/posts"}],"about":[{"href":"https:\/\/serveiseducatius.xtec.cat\/credac-perebarnils\/wp-json\/wp\/v2\/types\/post"}],"author":[{"embeddable":true,"href":"https:\/\/serveiseducatius.xtec.cat\/credac-perebarnils\/wp-json\/wp\/v2\/users\/1"}],"replies":[{"embeddable":true,"href":"https:\/\/serveiseducatius.xtec.cat\/credac-perebarnils\/wp-json\/wp\/v2\/comments?post=13502"}],"version-history":[{"count":1,"href":"https:\/\/serveiseducatius.xtec.cat\/credac-perebarnils\/wp-json\/wp\/v2\/posts\/13502\/revisions"}],"predecessor-version":[{"id":13504,"href":"https:\/\/serveiseducatius.xtec.cat\/credac-perebarnils\/wp-json\/wp\/v2\/posts\/13502\/revisions\/13504"}],"wp:featuredmedia":[{"embeddable":true,"href":"https:\/\/serveiseducatius.xtec.cat\/credac-perebarnils\/wp-json\/wp\/v2\/media\/13503"}],"wp:attachment":[{"href":"https:\/\/serveiseducatius.xtec.cat\/credac-perebarnils\/wp-json\/wp\/v2\/media?parent=13502"}],"wp:term":[{"taxonomy":"category","embeddable":true,"href":"https:\/\/serveiseducatius.xtec.cat\/credac-perebarnils\/wp-json\/wp\/v2\/categories?post=13502"},{"taxonomy":"post_tag","embeddable":true,"href":"https:\/\/serveiseducatius.xtec.cat\/credac-perebarnils\/wp-json\/wp\/v2\/tags?post=13502"}],"curies":[{"name":"wp","href":"https:\/\/api.w.org\/{rel}","templated":true}]}}