{"id":13257,"date":"2019-02-08T12:15:06","date_gmt":"2019-02-08T11:15:06","guid":{"rendered":"http:\/\/serveiseducatius.xtec.cat\/credac-perebarnils\/?p=13257"},"modified":"2019-04-25T16:04:24","modified_gmt":"2019-04-25T14:04:24","slug":"material-per-treballar-la-consciencia-fonologica-carpeta-contenidora-3-taulells-dina-3-108-cartes-i-una-guia-didactica-2","status":"publish","type":"post","link":"https:\/\/serveiseducatius.xtec.cat\/credac-perebarnils\/materials\/fonetica-fonologia\/material-per-treballar-la-consciencia-fonologica-carpeta-contenidora-3-taulells-dina-3-108-cartes-i-una-guia-didactica-2\/","title":{"rendered":"3 Triangles"},"content":{"rendered":"<table>\n<tbody>\n<tr>\n<td style=\"font-weight: bold; width: 155px;\">Nom:<\/td>\n<td id=\"nom\" style=\"width: 748px;\" colspan=\"3\">3 Triangles<\/td>\n<\/tr>\n<tr>\n<td style=\"font-weight: bold; width: 155px;\">Descripci\u00f3 breu:<\/td>\n<td id=\"descripciobreu\" style=\"width: 748px;\" colspan=\"3\">Material per treballar la consci\u00e8ncia fonol\u00f2gica. Carpeta contenidora: 3 taulells DINA 3, 108 cartes i una guia did\u00e0ctica<\/td>\n<\/tr>\n<tr>\n<td style=\"font-weight: bold; width: 155px;\">Indicat per treballar:<\/td>\n<td id=\"indicat\" style=\"width: 748px;\" colspan=\"3\">Fon\u00e8tica i fonologia<\/td>\n<\/tr>\n<tr>\n<td style=\"font-weight: bold; width: 155px;\">Format:<\/td>\n<td id=\"format\" style=\"width: 748px;\" colspan=\"3\">Material gr\u00e0fic<\/td>\n<\/tr>\n<tr>\n<td style=\"font-weight: bold; width: 155px;\">Marca:<\/td>\n<td id=\"marca\" style=\"width: 748px;\" colspan=\"3\">Sensellapis, 2016<\/td>\n<\/tr>\n<tr>\n<td style=\"font-weight: bold; width: 155px;\">Disponible:<\/td>\n<td id=\"disponible\" style=\"width: 140px;\">S\u00ed<\/td>\n<td style=\"font-weight: bold; width: 506px;\">Data de retorn:<\/td>\n<td id=\"dataretorn\" style=\"width: 102px;\"><\/td>\n<\/tr>\n<\/tbody>\n<\/table>\n<p>&nbsp;<\/p>\n<p><img loading=\"lazy\" decoding=\"async\" class=\"\" src=\"https:\/\/serveiseducatius.xtec.cat\/credac-perebarnils\/wp-content\/uploads\/usu1333\/2019\/02\/393-3-Triangles.jpg\" width=\"692\" height=\"519\" \/><\/p>\n","protected":false},"excerpt":{"rendered":"<p>Material per treballar la consci\u00e8ncia fonol\u00f2gica&hellip;  <a href=\"https:\/\/serveiseducatius.xtec.cat\/credac-perebarnils\/materials\/fonetica-fonologia\/material-per-treballar-la-consciencia-fonologica-carpeta-contenidora-3-taulells-dina-3-108-cartes-i-una-guia-didactica-2\/\" title=\"Read 3 Triangles\">Llegeix m\u00e9s\u00bb<\/a><\/p>\n","protected":false},"author":1,"featured_media":14110,"comment_status":"open","ping_status":"closed","sticky":false,"template":"","format":"standard","meta":{"_bbp_topic_count":0,"_bbp_reply_count":0,"_bbp_total_topic_count":0,"_bbp_total_reply_count":0,"_bbp_voice_count":0,"_bbp_anonymous_reply_count":0,"_bbp_topic_count_hidden":0,"_bbp_reply_count_hidden":0,"_bbp_forum_subforum_count":0,"footnotes":""},"categories":[266,281],"tags":[845,857],"class_list":["post-13257","post","type-post","status-publish","format-standard","has-post-thumbnail","hentry","category-fonetica-fonologia","category-materials","tag-consciencia-fonologica","tag-percepcio-dels-sons"],"post_mailing_queue_ids":[],"_links":{"self":[{"href":"https:\/\/serveiseducatius.xtec.cat\/credac-perebarnils\/wp-json\/wp\/v2\/posts\/13257","targetHints":{"allow":["GET"]}}],"collection":[{"href":"https:\/\/serveiseducatius.xtec.cat\/credac-perebarnils\/wp-json\/wp\/v2\/posts"}],"about":[{"href":"https:\/\/serveiseducatius.xtec.cat\/credac-perebarnils\/wp-json\/wp\/v2\/types\/post"}],"author":[{"embeddable":true,"href":"https:\/\/serveiseducatius.xtec.cat\/credac-perebarnils\/wp-json\/wp\/v2\/users\/1"}],"replies":[{"embeddable":true,"href":"https:\/\/serveiseducatius.xtec.cat\/credac-perebarnils\/wp-json\/wp\/v2\/comments?post=13257"}],"version-history":[{"count":3,"href":"https:\/\/serveiseducatius.xtec.cat\/credac-perebarnils\/wp-json\/wp\/v2\/posts\/13257\/revisions"}],"predecessor-version":[{"id":14112,"href":"https:\/\/serveiseducatius.xtec.cat\/credac-perebarnils\/wp-json\/wp\/v2\/posts\/13257\/revisions\/14112"}],"wp:featuredmedia":[{"embeddable":true,"href":"https:\/\/serveiseducatius.xtec.cat\/credac-perebarnils\/wp-json\/wp\/v2\/media\/14110"}],"wp:attachment":[{"href":"https:\/\/serveiseducatius.xtec.cat\/credac-perebarnils\/wp-json\/wp\/v2\/media?parent=13257"}],"wp:term":[{"taxonomy":"category","embeddable":true,"href":"https:\/\/serveiseducatius.xtec.cat\/credac-perebarnils\/wp-json\/wp\/v2\/categories?post=13257"},{"taxonomy":"post_tag","embeddable":true,"href":"https:\/\/serveiseducatius.xtec.cat\/credac-perebarnils\/wp-json\/wp\/v2\/tags?post=13257"}],"curies":[{"name":"wp","href":"https:\/\/api.w.org\/{rel}","templated":true}]}}