{"id":13108,"date":"2019-02-07T10:06:55","date_gmt":"2019-02-07T09:06:55","guid":{"rendered":"http:\/\/serveiseducatius.xtec.cat\/credac-perebarnils\/?p=13108"},"modified":"2019-05-23T12:10:56","modified_gmt":"2019-05-23T10:10:56","slug":"saber-fer-agrupacions-ideologiques-de-les-paraules-i-saber-ne-dir-el-nom-1-plafo-de-9-caselles-fotocopiable-important-vegeu-observacions-del-joc","status":"publish","type":"post","link":"https:\/\/serveiseducatius.xtec.cat\/credac-perebarnils\/materials\/saber-fer-agrupacions-ideologiques-de-les-paraules-i-saber-ne-dir-el-nom-1-plafo-de-9-caselles-fotocopiable-important-vegeu-observacions-del-joc\/","title":{"rendered":"36- 3&#215;3 (Jocs de l\u00e8xic i expressi\u00f3)"},"content":{"rendered":"<table style=\"width: 995px; height: 216px;\">\n<tbody>\n<tr style=\"height: 31px;\">\n<td style=\"font-weight: bold; width: 153px; height: 31px;\">Nom:<\/td>\n<td id=\"nom\" style=\"width: 834px; height: 31px;\" colspan=\"3\">36- 3&#215;3 (Jocs de l\u00e8xic i expressi\u00f3)<\/td>\n<\/tr>\n<tr style=\"height: 46px;\">\n<td style=\"font-weight: bold; width: 153px; height: 46px;\">Descripci\u00f3 breu:<\/td>\n<td id=\"descripciobreu\" style=\"width: 834px; height: 46px;\" colspan=\"3\">Saber fer agrupacions ideol\u00f2giques de les paraules i saber-ne dir el nom. 1 plaf\u00f3 de 9 caselles (fotocopiable). IMPORTANT: VEGEU OBSERVACIONS DEL JOC<\/td>\n<\/tr>\n<tr style=\"height: 46px;\">\n<td style=\"font-weight: bold; width: 153px; height: 46px;\">Indicat per treballar:<\/td>\n<td id=\"indicat\" style=\"width: 834px; height: 46px;\" colspan=\"3\">Expressi\u00f3 oral<\/td>\n<\/tr>\n<tr style=\"height: 31px;\">\n<td style=\"font-weight: bold; width: 153px; height: 31px;\">Format:<\/td>\n<td id=\"format\" style=\"width: 834px; height: 31px;\" colspan=\"3\">Material gr\u00e0fic<\/td>\n<\/tr>\n<tr style=\"height: 31px;\">\n<td style=\"font-weight: bold; width: 153px; height: 31px;\">Marca:<\/td>\n<td id=\"marca\" style=\"width: 834px; height: 31px;\" colspan=\"3\">Jocs de l\u00e8xic i expressi\u00f3, de Josep Ti\u00f3\u2026 [et al.]. Ed. L\u2019\u00c0lber, 2006. ISBN 9788496248373<\/td>\n<\/tr>\n<tr style=\"height: 31px;\">\n<td style=\"font-weight: bold; width: 153px; height: 31px;\">Disponible:<\/td>\n<td id=\"disponible\" style=\"width: 136px; height: 31px;\">S\u00ed<\/td>\n<td style=\"font-weight: bold; width: 492px; height: 31px;\">Data de retorn:<\/td>\n<td id=\"dataretorn\" style=\"width: 202px; height: 31px;\"><\/td>\n<\/tr>\n<\/tbody>\n<\/table>\n<p><img loading=\"lazy\" decoding=\"async\" class=\"\" src=\"https:\/\/serveiseducatius.xtec.cat\/credac-perebarnils\/wp-content\/uploads\/usu1333\/2019\/02\/36-3x3.jpg\" width=\"683\" height=\"512\" \/><\/p>\n","protected":false},"excerpt":{"rendered":"<p>Saber fer agrupacions ideol\u00f2giques de les paraules i saber-ne dir el nom.&hellip;  <a href=\"https:\/\/serveiseducatius.xtec.cat\/credac-perebarnils\/materials\/saber-fer-agrupacions-ideologiques-de-les-paraules-i-saber-ne-dir-el-nom-1-plafo-de-9-caselles-fotocopiable-important-vegeu-observacions-del-joc\/\" title=\"Read 36- 3&#215;3 (Jocs de l\u00e8xic i expressi\u00f3)\">Llegeix m\u00e9s\u00bb<\/a><\/p>\n","protected":false},"author":1,"featured_media":14517,"comment_status":"open","ping_status":"closed","sticky":false,"template":"","format":"standard","meta":{"_bbp_topic_count":0,"_bbp_reply_count":0,"_bbp_total_topic_count":0,"_bbp_total_reply_count":0,"_bbp_voice_count":0,"_bbp_anonymous_reply_count":0,"_bbp_topic_count_hidden":0,"_bbp_reply_count_hidden":0,"_bbp_forum_subforum_count":0,"footnotes":""},"categories":[815,281],"tags":[886,861,885],"class_list":["post-13108","post","type-post","status-publish","format-standard","has-post-thumbnail","hentry","category-expressio-oral","category-materials","tag-categories","tag-joc-de-cartes","tag-vocabulari"],"post_mailing_queue_ids":[],"_links":{"self":[{"href":"https:\/\/serveiseducatius.xtec.cat\/credac-perebarnils\/wp-json\/wp\/v2\/posts\/13108","targetHints":{"allow":["GET"]}}],"collection":[{"href":"https:\/\/serveiseducatius.xtec.cat\/credac-perebarnils\/wp-json\/wp\/v2\/posts"}],"about":[{"href":"https:\/\/serveiseducatius.xtec.cat\/credac-perebarnils\/wp-json\/wp\/v2\/types\/post"}],"author":[{"embeddable":true,"href":"https:\/\/serveiseducatius.xtec.cat\/credac-perebarnils\/wp-json\/wp\/v2\/users\/1"}],"replies":[{"embeddable":true,"href":"https:\/\/serveiseducatius.xtec.cat\/credac-perebarnils\/wp-json\/wp\/v2\/comments?post=13108"}],"version-history":[{"count":4,"href":"https:\/\/serveiseducatius.xtec.cat\/credac-perebarnils\/wp-json\/wp\/v2\/posts\/13108\/revisions"}],"predecessor-version":[{"id":14521,"href":"https:\/\/serveiseducatius.xtec.cat\/credac-perebarnils\/wp-json\/wp\/v2\/posts\/13108\/revisions\/14521"}],"wp:featuredmedia":[{"embeddable":true,"href":"https:\/\/serveiseducatius.xtec.cat\/credac-perebarnils\/wp-json\/wp\/v2\/media\/14517"}],"wp:attachment":[{"href":"https:\/\/serveiseducatius.xtec.cat\/credac-perebarnils\/wp-json\/wp\/v2\/media?parent=13108"}],"wp:term":[{"taxonomy":"category","embeddable":true,"href":"https:\/\/serveiseducatius.xtec.cat\/credac-perebarnils\/wp-json\/wp\/v2\/categories?post=13108"},{"taxonomy":"post_tag","embeddable":true,"href":"https:\/\/serveiseducatius.xtec.cat\/credac-perebarnils\/wp-json\/wp\/v2\/tags?post=13108"}],"curies":[{"name":"wp","href":"https:\/\/api.w.org\/{rel}","templated":true}]}}