{"id":13105,"date":"2019-02-07T10:03:54","date_gmt":"2019-02-07T09:03:54","guid":{"rendered":"http:\/\/serveiseducatius.xtec.cat\/credac-perebarnils\/?p=13105"},"modified":"2019-05-23T12:00:16","modified_gmt":"2019-05-23T10:00:16","slug":"joc-del-tres-en-ratlla-collocar-en-ratlla-horitzontal-vertical-o-diagonal-3-cartes-que-tinguin-una-caracteristica-comuna-20-cartes-amb-fotos-de-diversos-personatges-1-tauler-3-en-ratlla-i-26-etiq","status":"publish","type":"post","link":"https:\/\/serveiseducatius.xtec.cat\/credac-perebarnils\/materials\/joc-del-tres-en-ratlla-collocar-en-ratlla-horitzontal-vertical-o-diagonal-3-cartes-que-tinguin-una-caracteristica-comuna-20-cartes-amb-fotos-de-diversos-personatges-1-tauler-3-en-ratlla-i-26-etiq\/","title":{"rendered":"31- Tres en ratlla (Jocs de l\u00e8xic i expressi\u00f3)"},"content":{"rendered":"<table style=\"height: 216px; width: 1048px;\">\n<tbody>\n<tr style=\"height: 31px;\">\n<td style=\"font-weight: bold; height: 31px; width: 129px;\">Nom:<\/td>\n<td id=\"nom\" style=\"height: 31px; width: 911px;\" colspan=\"3\">31- Tres en ratlla (Jocs del l\u00e8xic i expressi\u00f3)<\/td>\n<\/tr>\n<tr style=\"height: 46px;\">\n<td style=\"font-weight: bold; height: 46px; width: 129px;\">Descripci\u00f3 breu:<\/td>\n<td id=\"descripciobreu\" style=\"height: 46px; width: 911px;\" colspan=\"3\">Joc del Tres en ratlla, col\u00b7locar en ratlla horitzontal, vertical o diagonal, 3 cartes que tinguin una caracter\u00edstica comuna. 20 cartes amb fotos de diversos personatges, 1 tauler 3 en ratlla i 26 etiquetes (caract. f\u00edsiques i del vestit).<\/td>\n<\/tr>\n<tr style=\"height: 46px;\">\n<td style=\"font-weight: bold; height: 46px; width: 129px;\">Indicat per treballar:<\/td>\n<td id=\"indicat\" style=\"height: 46px; width: 911px;\" colspan=\"3\">Expressi\u00f3 oral<\/td>\n<\/tr>\n<tr style=\"height: 31px;\">\n<td style=\"font-weight: bold; height: 31px; width: 129px;\">Format:<\/td>\n<td id=\"format\" style=\"height: 31px; width: 911px;\" colspan=\"3\">Material gr\u00e0fic<\/td>\n<\/tr>\n<tr style=\"height: 31px;\">\n<td style=\"font-weight: bold; height: 31px; width: 129px;\">Marca:<\/td>\n<td id=\"marca\" style=\"height: 31px; width: 911px;\" colspan=\"3\">Jocs de l\u00e8xic i expressi\u00f3, de Josep Ti\u00f3&#8230; [et al.]. Ed. L&#8217;\u00c0lber, 2006. ISBN 9788496248373<\/td>\n<\/tr>\n<tr style=\"height: 31px;\">\n<td style=\"font-weight: bold; height: 31px; width: 129px;\">Disponible:<\/td>\n<td id=\"disponible\" style=\"height: 31px; width: 156px;\">S\u00ed<\/td>\n<td style=\"font-weight: bold; height: 31px; width: 576px;\">Data de retorn:<\/td>\n<td id=\"dataretorn\" style=\"height: 31px; width: 175px;\"><\/td>\n<\/tr>\n<\/tbody>\n<\/table>\n<p><img loading=\"lazy\" decoding=\"async\" class=\"\" src=\"https:\/\/serveiseducatius.xtec.cat\/credac-perebarnils\/wp-content\/uploads\/usu1333\/2019\/02\/31-Tres-en-ratlla.jpg\" width=\"771\" height=\"578\" \/><\/p>\n","protected":false},"excerpt":{"rendered":"<p>Joc del Tres en ratlla, col\u00b7locar en ratlla horitzontal, vertical o diagonal, 3 cartes que tinguin una caracter\u00edstica comuna&hellip;  <a href=\"https:\/\/serveiseducatius.xtec.cat\/credac-perebarnils\/materials\/joc-del-tres-en-ratlla-collocar-en-ratlla-horitzontal-vertical-o-diagonal-3-cartes-que-tinguin-una-caracteristica-comuna-20-cartes-amb-fotos-de-diversos-personatges-1-tauler-3-en-ratlla-i-26-etiq\/\" title=\"Read 31- Tres en ratlla (Jocs de l\u00e8xic i expressi\u00f3)\">Llegeix m\u00e9s\u00bb<\/a><\/p>\n","protected":false},"author":1,"featured_media":14513,"comment_status":"open","ping_status":"closed","sticky":false,"template":"","format":"standard","meta":{"_bbp_topic_count":0,"_bbp_reply_count":0,"_bbp_total_topic_count":0,"_bbp_total_reply_count":0,"_bbp_voice_count":0,"_bbp_anonymous_reply_count":0,"_bbp_topic_count_hidden":0,"_bbp_reply_count_hidden":0,"_bbp_forum_subforum_count":0,"footnotes":""},"categories":[815,281],"tags":[886,885],"class_list":["post-13105","post","type-post","status-publish","format-standard","has-post-thumbnail","hentry","category-expressio-oral","category-materials","tag-categories","tag-vocabulari"],"post_mailing_queue_ids":[],"_links":{"self":[{"href":"https:\/\/serveiseducatius.xtec.cat\/credac-perebarnils\/wp-json\/wp\/v2\/posts\/13105","targetHints":{"allow":["GET"]}}],"collection":[{"href":"https:\/\/serveiseducatius.xtec.cat\/credac-perebarnils\/wp-json\/wp\/v2\/posts"}],"about":[{"href":"https:\/\/serveiseducatius.xtec.cat\/credac-perebarnils\/wp-json\/wp\/v2\/types\/post"}],"author":[{"embeddable":true,"href":"https:\/\/serveiseducatius.xtec.cat\/credac-perebarnils\/wp-json\/wp\/v2\/users\/1"}],"replies":[{"embeddable":true,"href":"https:\/\/serveiseducatius.xtec.cat\/credac-perebarnils\/wp-json\/wp\/v2\/comments?post=13105"}],"version-history":[{"count":4,"href":"https:\/\/serveiseducatius.xtec.cat\/credac-perebarnils\/wp-json\/wp\/v2\/posts\/13105\/revisions"}],"predecessor-version":[{"id":14516,"href":"https:\/\/serveiseducatius.xtec.cat\/credac-perebarnils\/wp-json\/wp\/v2\/posts\/13105\/revisions\/14516"}],"wp:featuredmedia":[{"embeddable":true,"href":"https:\/\/serveiseducatius.xtec.cat\/credac-perebarnils\/wp-json\/wp\/v2\/media\/14513"}],"wp:attachment":[{"href":"https:\/\/serveiseducatius.xtec.cat\/credac-perebarnils\/wp-json\/wp\/v2\/media?parent=13105"}],"wp:term":[{"taxonomy":"category","embeddable":true,"href":"https:\/\/serveiseducatius.xtec.cat\/credac-perebarnils\/wp-json\/wp\/v2\/categories?post=13105"},{"taxonomy":"post_tag","embeddable":true,"href":"https:\/\/serveiseducatius.xtec.cat\/credac-perebarnils\/wp-json\/wp\/v2\/tags?post=13105"}],"curies":[{"name":"wp","href":"https:\/\/api.w.org\/{rel}","templated":true}]}}