{"id":13077,"date":"2019-02-07T09:38:44","date_gmt":"2019-02-07T08:38:44","guid":{"rendered":"http:\/\/serveiseducatius.xtec.cat\/credac-perebarnils\/?p=13077"},"modified":"2019-05-22T16:45:03","modified_gmt":"2019-05-22T14:45:03","slug":"associar-els-dibuixos-amb-les-accions-corresponents-memoritzar-les-i-verbalitzar-ho-tot-correctament-20-cartes","status":"publish","type":"post","link":"https:\/\/serveiseducatius.xtec.cat\/credac-perebarnils\/materials\/associar-els-dibuixos-amb-les-accions-corresponents-memoritzar-les-i-verbalitzar-ho-tot-correctament-20-cartes\/","title":{"rendered":"27- Els enc\u00e0rrecs (Jocs de l\u00e8xic i expressi\u00f3)"},"content":{"rendered":"<table style=\"height: 186px;\">\n<tbody>\n<tr style=\"height: 31px;\">\n<td style=\"font-weight: bold; height: 31px; width: 155px;\">Nom:<\/td>\n<td id=\"nom\" style=\"height: 31px; width: 602px;\" colspan=\"3\">27- Els enc\u00e0rrecs (Jocs de l\u00e8xic i expressi\u00f3)<\/td>\n<\/tr>\n<tr style=\"height: 31px;\">\n<td style=\"font-weight: bold; height: 31px; width: 155px;\">Descripci\u00f3 breu:<\/td>\n<td id=\"descripciobreu\" style=\"height: 31px; width: 602px;\" colspan=\"3\">Associar els dibuixos amb les accions corresponents, memoritzar-les i verbalitzar-ho tot correctament. 20 cartes.<\/td>\n<\/tr>\n<tr style=\"height: 31px;\">\n<td style=\"font-weight: bold; height: 31px; width: 155px;\">Indicat per treballar:<\/td>\n<td id=\"indicat\" style=\"height: 31px; width: 602px;\" colspan=\"3\">Expressi\u00f3 oral<\/td>\n<\/tr>\n<tr style=\"height: 31px;\">\n<td style=\"font-weight: bold; height: 31px; width: 155px;\">Format:<\/td>\n<td id=\"format\" style=\"height: 31px; width: 602px;\" colspan=\"3\">Material gr\u00e0fic<\/td>\n<\/tr>\n<tr style=\"height: 31px;\">\n<td style=\"font-weight: bold; height: 31px; width: 155px;\">Marca:<\/td>\n<td id=\"marca\" style=\"height: 31px; width: 602px;\" colspan=\"3\">Jocs de l\u00e8xic i expressi\u00f3, de Josep Ti\u00f3&#8230; [et al.]. Ed. L&#8217;\u00c0lber, 2006. ISBN 9788496248373<\/td>\n<\/tr>\n<tr style=\"height: 31px;\">\n<td style=\"font-weight: bold; height: 31px; width: 155px;\">Disponible:<\/td>\n<td id=\"disponible\" style=\"height: 31px; width: 81px;\">S\u00ed<\/td>\n<td style=\"font-weight: bold; height: 31px; width: 295px;\">Data de retorn:<\/td>\n<td id=\"dataretorn\" style=\"height: 31px; width: 222px;\"><\/td>\n<\/tr>\n<\/tbody>\n<\/table>\n<p><img loading=\"lazy\" decoding=\"async\" class=\"\" src=\"https:\/\/serveiseducatius.xtec.cat\/credac-perebarnils\/wp-content\/uploads\/usu1333\/2019\/02\/27-Els-enc%C3%A0rrecs.jpg\" width=\"701\" height=\"526\" \/><\/p>\n","protected":false},"excerpt":{"rendered":"<p>Associar els dibuixos amb les accions corresponents, memoritzar-les i verbalitzar-ho tot correctament.&hellip;  <a href=\"https:\/\/serveiseducatius.xtec.cat\/credac-perebarnils\/materials\/associar-els-dibuixos-amb-les-accions-corresponents-memoritzar-les-i-verbalitzar-ho-tot-correctament-20-cartes\/\" title=\"Read 27- Els enc\u00e0rrecs (Jocs de l\u00e8xic i expressi\u00f3)\">Llegeix m\u00e9s\u00bb<\/a><\/p>\n","protected":false},"author":1,"featured_media":14477,"comment_status":"open","ping_status":"closed","sticky":false,"template":"","format":"standard","meta":{"_bbp_topic_count":0,"_bbp_reply_count":0,"_bbp_total_topic_count":0,"_bbp_total_reply_count":0,"_bbp_voice_count":0,"_bbp_anonymous_reply_count":0,"_bbp_topic_count_hidden":0,"_bbp_reply_count_hidden":0,"_bbp_forum_subforum_count":0,"footnotes":""},"categories":[815,281],"tags":[958,861,949,948],"class_list":["post-13077","post","type-post","status-publish","format-standard","has-post-thumbnail","hentry","category-expressio-oral","category-materials","tag-comprensio-oral","tag-joc-de-cartes","tag-memoria-auditiva","tag-memoria-visual"],"post_mailing_queue_ids":[],"_links":{"self":[{"href":"https:\/\/serveiseducatius.xtec.cat\/credac-perebarnils\/wp-json\/wp\/v2\/posts\/13077","targetHints":{"allow":["GET"]}}],"collection":[{"href":"https:\/\/serveiseducatius.xtec.cat\/credac-perebarnils\/wp-json\/wp\/v2\/posts"}],"about":[{"href":"https:\/\/serveiseducatius.xtec.cat\/credac-perebarnils\/wp-json\/wp\/v2\/types\/post"}],"author":[{"embeddable":true,"href":"https:\/\/serveiseducatius.xtec.cat\/credac-perebarnils\/wp-json\/wp\/v2\/users\/1"}],"replies":[{"embeddable":true,"href":"https:\/\/serveiseducatius.xtec.cat\/credac-perebarnils\/wp-json\/wp\/v2\/comments?post=13077"}],"version-history":[{"count":3,"href":"https:\/\/serveiseducatius.xtec.cat\/credac-perebarnils\/wp-json\/wp\/v2\/posts\/13077\/revisions"}],"predecessor-version":[{"id":14476,"href":"https:\/\/serveiseducatius.xtec.cat\/credac-perebarnils\/wp-json\/wp\/v2\/posts\/13077\/revisions\/14476"}],"wp:featuredmedia":[{"embeddable":true,"href":"https:\/\/serveiseducatius.xtec.cat\/credac-perebarnils\/wp-json\/wp\/v2\/media\/14477"}],"wp:attachment":[{"href":"https:\/\/serveiseducatius.xtec.cat\/credac-perebarnils\/wp-json\/wp\/v2\/media?parent=13077"}],"wp:term":[{"taxonomy":"category","embeddable":true,"href":"https:\/\/serveiseducatius.xtec.cat\/credac-perebarnils\/wp-json\/wp\/v2\/categories?post=13077"},{"taxonomy":"post_tag","embeddable":true,"href":"https:\/\/serveiseducatius.xtec.cat\/credac-perebarnils\/wp-json\/wp\/v2\/tags?post=13077"}],"curies":[{"name":"wp","href":"https:\/\/api.w.org\/{rel}","templated":true}]}}