{"id":13074,"date":"2019-02-07T09:37:07","date_gmt":"2019-02-07T08:37:07","guid":{"rendered":"http:\/\/serveiseducatius.xtec.cat\/credac-perebarnils\/?p=13074"},"modified":"2019-05-22T16:27:49","modified_gmt":"2019-05-22T14:27:49","slug":"associar-els-dibuixos-amb-els-noms-corresponents-i-verbalitzar-los-correctament-20-cartes","status":"publish","type":"post","link":"https:\/\/serveiseducatius.xtec.cat\/credac-perebarnils\/materials\/associar-els-dibuixos-amb-els-noms-corresponents-i-verbalitzar-los-correctament-20-cartes\/","title":{"rendered":"26- El despatx del director (Jocs de l\u00e8xic i expressi\u00f3)"},"content":{"rendered":"<table>\n<tbody>\n<tr>\n<td style=\"font-weight: bold;\">Nom:<\/td>\n<td id=\"nom\" colspan=\"3\">26- El despatx del director (Jocs de l\u00e8xic i expressi\u00f3)<\/td>\n<\/tr>\n<tr>\n<td style=\"font-weight: bold;\">Descripci\u00f3 breu:<\/td>\n<td id=\"descripciobreu\" colspan=\"3\">Associar els dibuixos amb els noms corresponents i verbalitzar-los correctament. 20 cartes<\/td>\n<\/tr>\n<tr>\n<td style=\"font-weight: bold;\">Indicat per treballar:<\/td>\n<td id=\"indicat\" colspan=\"3\">Expressi\u00f3 oral<\/td>\n<\/tr>\n<tr>\n<td style=\"font-weight: bold;\">Format:<\/td>\n<td id=\"format\" colspan=\"3\">Material gr\u00e0fic<\/td>\n<\/tr>\n<tr>\n<td style=\"font-weight: bold;\">Marca:<\/td>\n<td id=\"marca\" colspan=\"3\">Jocs de l\u00e8xic i expressi\u00f3, de Josep Ti\u00f3&#8230; [et al.]. Ed. L&#8217;\u00c0lber, 2006. ISBN 9788496248373<\/td>\n<\/tr>\n<tr>\n<td style=\"font-weight: bold;\">Disponible:<\/td>\n<td id=\"disponible\">S\u00ed<\/td>\n<td style=\"font-weight: bold;\">Data de retorn:<\/td>\n<td id=\"dataretorn\"><\/td>\n<\/tr>\n<\/tbody>\n<\/table>\n<p><img loading=\"lazy\" decoding=\"async\" class=\"\" src=\"https:\/\/serveiseducatius.xtec.cat\/credac-perebarnils\/wp-content\/uploads\/usu1333\/2019\/02\/26-despatx-director.jpg\" width=\"520\" height=\"693\" \/><\/p>\n","protected":false},"excerpt":{"rendered":"<p>Associar els dibuixos amb els noms corresponents i verbalitzar-los correctament&hellip;  <a href=\"https:\/\/serveiseducatius.xtec.cat\/credac-perebarnils\/materials\/associar-els-dibuixos-amb-els-noms-corresponents-i-verbalitzar-los-correctament-20-cartes\/\" title=\"Read 26- El despatx del director (Jocs de l\u00e8xic i expressi\u00f3)\">Llegeix m\u00e9s\u00bb<\/a><\/p>\n","protected":false},"author":1,"featured_media":14474,"comment_status":"open","ping_status":"closed","sticky":false,"template":"","format":"standard","meta":{"_bbp_topic_count":0,"_bbp_reply_count":0,"_bbp_total_topic_count":0,"_bbp_total_reply_count":0,"_bbp_voice_count":0,"_bbp_anonymous_reply_count":0,"_bbp_topic_count_hidden":0,"_bbp_reply_count_hidden":0,"_bbp_forum_subforum_count":0,"footnotes":""},"categories":[815,281],"tags":[1030,958,949,948,885],"class_list":["post-13074","post","type-post","status-publish","format-standard","has-post-thumbnail","hentry","category-expressio-oral","category-materials","tag-associacio","tag-comprensio-oral","tag-memoria-auditiva","tag-memoria-visual","tag-vocabulari"],"post_mailing_queue_ids":[],"_links":{"self":[{"href":"https:\/\/serveiseducatius.xtec.cat\/credac-perebarnils\/wp-json\/wp\/v2\/posts\/13074","targetHints":{"allow":["GET"]}}],"collection":[{"href":"https:\/\/serveiseducatius.xtec.cat\/credac-perebarnils\/wp-json\/wp\/v2\/posts"}],"about":[{"href":"https:\/\/serveiseducatius.xtec.cat\/credac-perebarnils\/wp-json\/wp\/v2\/types\/post"}],"author":[{"embeddable":true,"href":"https:\/\/serveiseducatius.xtec.cat\/credac-perebarnils\/wp-json\/wp\/v2\/users\/1"}],"replies":[{"embeddable":true,"href":"https:\/\/serveiseducatius.xtec.cat\/credac-perebarnils\/wp-json\/wp\/v2\/comments?post=13074"}],"version-history":[{"count":3,"href":"https:\/\/serveiseducatius.xtec.cat\/credac-perebarnils\/wp-json\/wp\/v2\/posts\/13074\/revisions"}],"predecessor-version":[{"id":14473,"href":"https:\/\/serveiseducatius.xtec.cat\/credac-perebarnils\/wp-json\/wp\/v2\/posts\/13074\/revisions\/14473"}],"wp:featuredmedia":[{"embeddable":true,"href":"https:\/\/serveiseducatius.xtec.cat\/credac-perebarnils\/wp-json\/wp\/v2\/media\/14474"}],"wp:attachment":[{"href":"https:\/\/serveiseducatius.xtec.cat\/credac-perebarnils\/wp-json\/wp\/v2\/media?parent=13074"}],"wp:term":[{"taxonomy":"category","embeddable":true,"href":"https:\/\/serveiseducatius.xtec.cat\/credac-perebarnils\/wp-json\/wp\/v2\/categories?post=13074"},{"taxonomy":"post_tag","embeddable":true,"href":"https:\/\/serveiseducatius.xtec.cat\/credac-perebarnils\/wp-json\/wp\/v2\/tags?post=13074"}],"curies":[{"name":"wp","href":"https:\/\/api.w.org\/{rel}","templated":true}]}}