{"id":13060,"date":"2019-02-07T09:28:07","date_gmt":"2019-02-07T08:28:07","guid":{"rendered":"http:\/\/serveiseducatius.xtec.cat\/credac-perebarnils\/?p=13060"},"modified":"2019-05-22T15:31:49","modified_gmt":"2019-05-22T13:31:49","slug":"comprensio-del-vocabulari-referit-a-accions-20-cartes-amb-dibuixos-daccions","status":"publish","type":"post","link":"https:\/\/serveiseducatius.xtec.cat\/credac-perebarnils\/materials\/comprensio-del-vocabulari-referit-a-accions-20-cartes-amb-dibuixos-daccions\/","title":{"rendered":"23- En Pere diu (Jocs de l\u00e8xic i expressi\u00f3)"},"content":{"rendered":"<table style=\"height: 186px;\">\n<tbody>\n<tr style=\"height: 31px;\">\n<td style=\"font-weight: bold; height: 31px; width: 155px;\">Nom:<\/td>\n<td id=\"nom\" style=\"height: 31px; width: 572px;\" colspan=\"3\">23- En Pere diu (Jocs de l\u00e8xic i expressi\u00f3)<\/td>\n<\/tr>\n<tr style=\"height: 31px;\">\n<td style=\"font-weight: bold; height: 31px; width: 155px;\">Descripci\u00f3 breu:<\/td>\n<td id=\"descripciobreu\" style=\"height: 31px; width: 572px;\" colspan=\"3\">Comprensi\u00f3 del vocabulari referit a accions. 20 cartes amb dibuixos d&#8217;accions.<\/td>\n<\/tr>\n<tr style=\"height: 31px;\">\n<td style=\"font-weight: bold; height: 31px; width: 155px;\">Indicat per treballar:<\/td>\n<td id=\"indicat\" style=\"height: 31px; width: 572px;\" colspan=\"3\">Expressi\u00f3 oral<\/td>\n<\/tr>\n<tr style=\"height: 31px;\">\n<td style=\"font-weight: bold; height: 31px; width: 155px;\">Format:<\/td>\n<td id=\"format\" style=\"height: 31px; width: 572px;\" colspan=\"3\">Material gr\u00e0fic<\/td>\n<\/tr>\n<tr style=\"height: 31px;\">\n<td style=\"font-weight: bold; height: 31px; width: 155px;\">Marca:<\/td>\n<td id=\"marca\" style=\"height: 31px; width: 572px;\" colspan=\"3\">Jocs de l\u00e8xic i expressi\u00f3, de Josep Ti\u00f3&#8230; [et al.]. Ed. L&#8217;\u00c0lber, 2006. ISBN 9788496248373<\/td>\n<\/tr>\n<tr style=\"height: 31px;\">\n<td style=\"font-weight: bold; height: 31px; width: 155px;\">Disponible:<\/td>\n<td id=\"disponible\" style=\"height: 31px; width: 108px;\">S\u00ed<\/td>\n<td style=\"font-weight: bold; height: 31px; width: 394px;\">Data de retorn:<\/td>\n<td id=\"dataretorn\" style=\"height: 31px; width: 66px;\"><\/td>\n<\/tr>\n<\/tbody>\n<\/table>\n<p><img loading=\"lazy\" decoding=\"async\" class=\"\" src=\"https:\/\/serveiseducatius.xtec.cat\/credac-perebarnils\/wp-content\/uploads\/usu1333\/2019\/02\/23-En-Pere-diu.jpg\" width=\"649\" height=\"487\" \/><\/p>\n","protected":false},"excerpt":{"rendered":"<p>Comprensi\u00f3 del vocabulari referit a accions.&hellip;  <a href=\"https:\/\/serveiseducatius.xtec.cat\/credac-perebarnils\/materials\/comprensio-del-vocabulari-referit-a-accions-20-cartes-amb-dibuixos-daccions\/\" title=\"Read 23- En Pere diu (Jocs de l\u00e8xic i expressi\u00f3)\">Llegeix m\u00e9s\u00bb<\/a><\/p>\n","protected":false},"author":1,"featured_media":14463,"comment_status":"open","ping_status":"closed","sticky":false,"template":"","format":"standard","meta":{"_bbp_topic_count":0,"_bbp_reply_count":0,"_bbp_total_topic_count":0,"_bbp_total_reply_count":0,"_bbp_voice_count":0,"_bbp_anonymous_reply_count":0,"_bbp_topic_count_hidden":0,"_bbp_reply_count_hidden":0,"_bbp_forum_subforum_count":0,"footnotes":""},"categories":[815,281],"tags":[1034,861,885],"class_list":["post-13060","post","type-post","status-publish","format-standard","has-post-thumbnail","hentry","category-expressio-oral","category-materials","tag-accions","tag-joc-de-cartes","tag-vocabulari"],"post_mailing_queue_ids":[],"_links":{"self":[{"href":"https:\/\/serveiseducatius.xtec.cat\/credac-perebarnils\/wp-json\/wp\/v2\/posts\/13060","targetHints":{"allow":["GET"]}}],"collection":[{"href":"https:\/\/serveiseducatius.xtec.cat\/credac-perebarnils\/wp-json\/wp\/v2\/posts"}],"about":[{"href":"https:\/\/serveiseducatius.xtec.cat\/credac-perebarnils\/wp-json\/wp\/v2\/types\/post"}],"author":[{"embeddable":true,"href":"https:\/\/serveiseducatius.xtec.cat\/credac-perebarnils\/wp-json\/wp\/v2\/users\/1"}],"replies":[{"embeddable":true,"href":"https:\/\/serveiseducatius.xtec.cat\/credac-perebarnils\/wp-json\/wp\/v2\/comments?post=13060"}],"version-history":[{"count":3,"href":"https:\/\/serveiseducatius.xtec.cat\/credac-perebarnils\/wp-json\/wp\/v2\/posts\/13060\/revisions"}],"predecessor-version":[{"id":14462,"href":"https:\/\/serveiseducatius.xtec.cat\/credac-perebarnils\/wp-json\/wp\/v2\/posts\/13060\/revisions\/14462"}],"wp:featuredmedia":[{"embeddable":true,"href":"https:\/\/serveiseducatius.xtec.cat\/credac-perebarnils\/wp-json\/wp\/v2\/media\/14463"}],"wp:attachment":[{"href":"https:\/\/serveiseducatius.xtec.cat\/credac-perebarnils\/wp-json\/wp\/v2\/media?parent=13060"}],"wp:term":[{"taxonomy":"category","embeddable":true,"href":"https:\/\/serveiseducatius.xtec.cat\/credac-perebarnils\/wp-json\/wp\/v2\/categories?post=13060"},{"taxonomy":"post_tag","embeddable":true,"href":"https:\/\/serveiseducatius.xtec.cat\/credac-perebarnils\/wp-json\/wp\/v2\/tags?post=13060"}],"curies":[{"name":"wp","href":"https:\/\/api.w.org\/{rel}","templated":true}]}}