{"id":13033,"date":"2019-02-07T09:06:15","date_gmt":"2019-02-07T08:06:15","guid":{"rendered":"http:\/\/serveiseducatius.xtec.cat\/credac-perebarnils\/?p=13033"},"modified":"2019-05-20T16:17:03","modified_gmt":"2019-05-20T14:17:03","slug":"domini-del-vocabulari-i-capacitat-de-relacionar-paraules-per-la-forma-28-fitxes-amb-2-imatges-a-cadascuna","status":"publish","type":"post","link":"https:\/\/serveiseducatius.xtec.cat\/credac-perebarnils\/materials\/domini-del-vocabulari-i-capacitat-de-relacionar-paraules-per-la-forma-28-fitxes-amb-2-imatges-a-cadascuna\/","title":{"rendered":"13- D\u00f2mino de rimes (Jocs de l\u00e8xic i expressi\u00f3)"},"content":{"rendered":"<table>\n<tbody>\n<tr>\n<td style=\"font-weight: bold;\">Nom:<\/td>\n<td id=\"nom\" colspan=\"3\">13- D\u00f2mino de rimes (Jocs de l\u00e8xic i expressi\u00f3)<\/td>\n<\/tr>\n<tr>\n<td style=\"font-weight: bold;\">Descripci\u00f3 breu:<\/td>\n<td id=\"descripciobreu\" colspan=\"3\">Domini del vocabulari i capacitat de relacionar paraules per la forma. 28 fitxes amb 2 imatges a cadascuna.<\/td>\n<\/tr>\n<tr>\n<td style=\"font-weight: bold;\">Indicat per treballar:<\/td>\n<td id=\"indicat\" colspan=\"3\">Expressi\u00f3 oral<\/td>\n<\/tr>\n<tr>\n<td style=\"font-weight: bold;\">Format:<\/td>\n<td id=\"format\" colspan=\"3\">Material gr\u00e0fic<\/td>\n<\/tr>\n<tr>\n<td style=\"font-weight: bold;\">Marca:<\/td>\n<td id=\"marca\" colspan=\"3\">Jocs de l\u00e8xic i expressi\u00f3, de Josep Ti\u00f3&#8230; [et al.]. Ed. L&#8217;\u00c0lber, 2006. ISBN 9788496248373<\/td>\n<\/tr>\n<tr>\n<td style=\"font-weight: bold;\">Disponible:<\/td>\n<td id=\"disponible\">S\u00ed<\/td>\n<td style=\"font-weight: bold;\">Data de retorn:<\/td>\n<td id=\"dataretorn\"><\/td>\n<\/tr>\n<\/tbody>\n<\/table>\n<p><img loading=\"lazy\" decoding=\"async\" class=\"\" src=\"https:\/\/serveiseducatius.xtec.cat\/credac-perebarnils\/wp-content\/uploads\/usu1333\/2019\/02\/13-D%C3%B2mino-de-rimes-MARIA-DEL-MAR-SISQUELLA-GANDIA-1.jpg\" width=\"545\" height=\"376\" \/><\/p>\n<p>&nbsp;<\/p>\n","protected":false},"excerpt":{"rendered":"<p>Domini del vocabulari i capacitat de relacionar paraules per la forma. &hellip;  <a href=\"https:\/\/serveiseducatius.xtec.cat\/credac-perebarnils\/materials\/domini-del-vocabulari-i-capacitat-de-relacionar-paraules-per-la-forma-28-fitxes-amb-2-imatges-a-cadascuna\/\" title=\"Read 13- D\u00f2mino de rimes (Jocs de l\u00e8xic i expressi\u00f3)\">Llegeix m\u00e9s\u00bb<\/a><\/p>\n","protected":false},"author":1,"featured_media":13035,"comment_status":"open","ping_status":"closed","sticky":false,"template":"","format":"standard","meta":{"_bbp_topic_count":0,"_bbp_reply_count":0,"_bbp_total_topic_count":0,"_bbp_total_reply_count":0,"_bbp_voice_count":0,"_bbp_anonymous_reply_count":0,"_bbp_topic_count_hidden":0,"_bbp_reply_count_hidden":0,"_bbp_forum_subforum_count":0,"footnotes":""},"categories":[815,281],"tags":[908,848,885],"class_list":["post-13033","post","type-post","status-publish","format-standard","has-post-thumbnail","hentry","category-expressio-oral","category-materials","tag-discriminacio-auditiva","tag-rimes","tag-vocabulari"],"post_mailing_queue_ids":[],"_links":{"self":[{"href":"https:\/\/serveiseducatius.xtec.cat\/credac-perebarnils\/wp-json\/wp\/v2\/posts\/13033","targetHints":{"allow":["GET"]}}],"collection":[{"href":"https:\/\/serveiseducatius.xtec.cat\/credac-perebarnils\/wp-json\/wp\/v2\/posts"}],"about":[{"href":"https:\/\/serveiseducatius.xtec.cat\/credac-perebarnils\/wp-json\/wp\/v2\/types\/post"}],"author":[{"embeddable":true,"href":"https:\/\/serveiseducatius.xtec.cat\/credac-perebarnils\/wp-json\/wp\/v2\/users\/1"}],"replies":[{"embeddable":true,"href":"https:\/\/serveiseducatius.xtec.cat\/credac-perebarnils\/wp-json\/wp\/v2\/comments?post=13033"}],"version-history":[{"count":3,"href":"https:\/\/serveiseducatius.xtec.cat\/credac-perebarnils\/wp-json\/wp\/v2\/posts\/13033\/revisions"}],"predecessor-version":[{"id":14421,"href":"https:\/\/serveiseducatius.xtec.cat\/credac-perebarnils\/wp-json\/wp\/v2\/posts\/13033\/revisions\/14421"}],"wp:featuredmedia":[{"embeddable":true,"href":"https:\/\/serveiseducatius.xtec.cat\/credac-perebarnils\/wp-json\/wp\/v2\/media\/13035"}],"wp:attachment":[{"href":"https:\/\/serveiseducatius.xtec.cat\/credac-perebarnils\/wp-json\/wp\/v2\/media?parent=13033"}],"wp:term":[{"taxonomy":"category","embeddable":true,"href":"https:\/\/serveiseducatius.xtec.cat\/credac-perebarnils\/wp-json\/wp\/v2\/categories?post=13033"},{"taxonomy":"post_tag","embeddable":true,"href":"https:\/\/serveiseducatius.xtec.cat\/credac-perebarnils\/wp-json\/wp\/v2\/tags?post=13033"}],"curies":[{"name":"wp","href":"https:\/\/api.w.org\/{rel}","templated":true}]}}