{"id":13030,"date":"2019-02-07T09:03:37","date_gmt":"2019-02-07T08:03:37","guid":{"rendered":"http:\/\/serveiseducatius.xtec.cat\/credac-perebarnils\/?p=13030"},"modified":"2019-05-20T16:10:46","modified_gmt":"2019-05-20T14:10:46","slug":"domini-del-vocabulari-i-capacitat-de-relacionar-paraules-per-la-forma-80-cartes","status":"publish","type":"post","link":"https:\/\/serveiseducatius.xtec.cat\/credac-perebarnils\/materials\/domini-del-vocabulari-i-capacitat-de-relacionar-paraules-per-la-forma-80-cartes\/","title":{"rendered":"12- Joc de mem\u00f2ria de rimes (Jocs de l\u00e8xic i expressi\u00f3)"},"content":{"rendered":"<table style=\"width: 776px;\">\n<tbody>\n<tr>\n<td style=\"font-weight: bold; width: 153px;\">Nom:<\/td>\n<td id=\"nom\" style=\"width: 615px;\" colspan=\"3\">12- Joc de mem\u00f2ria de rimes (Jocs de l\u00e8xic i expressi\u00f3)<\/td>\n<\/tr>\n<tr>\n<td style=\"font-weight: bold; width: 153px;\">Descripci\u00f3 breu:<\/td>\n<td id=\"descripciobreu\" style=\"width: 615px;\" colspan=\"3\">Domini del vocabulari i capacitat de relacionar paraules per la forma. 80 cartes<\/td>\n<\/tr>\n<tr>\n<td style=\"font-weight: bold; width: 153px;\">Indicat per treballar:<\/td>\n<td id=\"indicat\" style=\"width: 615px;\" colspan=\"3\">Expressi\u00f3 oral<\/td>\n<\/tr>\n<tr>\n<td style=\"font-weight: bold; width: 153px;\">Format:<\/td>\n<td id=\"format\" style=\"width: 615px;\" colspan=\"3\">Material gr\u00e0fic<\/td>\n<\/tr>\n<tr>\n<td style=\"font-weight: bold; width: 153px;\">Marca:<\/td>\n<td id=\"marca\" style=\"width: 615px;\" colspan=\"3\">Jocs de l\u00e8xic i expressi\u00f3, de Josep Ti\u00f3&#8230; [et al.]. Ed. L&#8217;\u00c0lber, 2006. ISBN 9788496248373<\/td>\n<\/tr>\n<tr>\n<td style=\"font-weight: bold; width: 153px;\">Disponible:<\/td>\n<td id=\"disponible\" style=\"width: 94px;\">S\u00ed<\/td>\n<td style=\"font-weight: bold; width: 343px;\">Data de retorn:<\/td>\n<td id=\"dataretorn\" style=\"width: 174px;\"><\/td>\n<\/tr>\n<\/tbody>\n<\/table>\n<p><img loading=\"lazy\" decoding=\"async\" class=\"\" src=\"https:\/\/serveiseducatius.xtec.cat\/credac-perebarnils\/wp-content\/uploads\/usu1333\/2019\/02\/12-Joc-de-mem%C3%B2ria-de-rimes-MARIA-DEL-MAR-SISQUELLA-GANDIA-e1558361309337.jpg\" width=\"410\" height=\"558\" \/><\/p>\n<p>&nbsp;<\/p>\n","protected":false},"excerpt":{"rendered":"<p>Joc de domini del vocabulari i capacitat de relacionar paraules per la forma. &hellip;  <a href=\"https:\/\/serveiseducatius.xtec.cat\/credac-perebarnils\/materials\/domini-del-vocabulari-i-capacitat-de-relacionar-paraules-per-la-forma-80-cartes\/\" title=\"Read 12- Joc de mem\u00f2ria de rimes (Jocs de l\u00e8xic i expressi\u00f3)\">Llegeix m\u00e9s\u00bb<\/a><\/p>\n","protected":false},"author":1,"featured_media":13031,"comment_status":"open","ping_status":"closed","sticky":false,"template":"","format":"standard","meta":{"_bbp_topic_count":0,"_bbp_reply_count":0,"_bbp_total_topic_count":0,"_bbp_total_reply_count":0,"_bbp_voice_count":0,"_bbp_anonymous_reply_count":0,"_bbp_topic_count_hidden":0,"_bbp_reply_count_hidden":0,"_bbp_forum_subforum_count":0,"footnotes":""},"categories":[815,281],"tags":[908,848,885],"class_list":["post-13030","post","type-post","status-publish","format-standard","has-post-thumbnail","hentry","category-expressio-oral","category-materials","tag-discriminacio-auditiva","tag-rimes","tag-vocabulari"],"post_mailing_queue_ids":[],"_links":{"self":[{"href":"https:\/\/serveiseducatius.xtec.cat\/credac-perebarnils\/wp-json\/wp\/v2\/posts\/13030","targetHints":{"allow":["GET"]}}],"collection":[{"href":"https:\/\/serveiseducatius.xtec.cat\/credac-perebarnils\/wp-json\/wp\/v2\/posts"}],"about":[{"href":"https:\/\/serveiseducatius.xtec.cat\/credac-perebarnils\/wp-json\/wp\/v2\/types\/post"}],"author":[{"embeddable":true,"href":"https:\/\/serveiseducatius.xtec.cat\/credac-perebarnils\/wp-json\/wp\/v2\/users\/1"}],"replies":[{"embeddable":true,"href":"https:\/\/serveiseducatius.xtec.cat\/credac-perebarnils\/wp-json\/wp\/v2\/comments?post=13030"}],"version-history":[{"count":3,"href":"https:\/\/serveiseducatius.xtec.cat\/credac-perebarnils\/wp-json\/wp\/v2\/posts\/13030\/revisions"}],"predecessor-version":[{"id":14418,"href":"https:\/\/serveiseducatius.xtec.cat\/credac-perebarnils\/wp-json\/wp\/v2\/posts\/13030\/revisions\/14418"}],"wp:featuredmedia":[{"embeddable":true,"href":"https:\/\/serveiseducatius.xtec.cat\/credac-perebarnils\/wp-json\/wp\/v2\/media\/13031"}],"wp:attachment":[{"href":"https:\/\/serveiseducatius.xtec.cat\/credac-perebarnils\/wp-json\/wp\/v2\/media?parent=13030"}],"wp:term":[{"taxonomy":"category","embeddable":true,"href":"https:\/\/serveiseducatius.xtec.cat\/credac-perebarnils\/wp-json\/wp\/v2\/categories?post=13030"},{"taxonomy":"post_tag","embeddable":true,"href":"https:\/\/serveiseducatius.xtec.cat\/credac-perebarnils\/wp-json\/wp\/v2\/tags?post=13030"}],"curies":[{"name":"wp","href":"https:\/\/api.w.org\/{rel}","templated":true}]}}