{"id":13018,"date":"2019-02-07T08:51:50","date_gmt":"2019-02-07T07:51:50","guid":{"rendered":"http:\/\/serveiseducatius.xtec.cat\/credac-perebarnils\/?p=13018"},"modified":"2019-05-20T13:02:59","modified_gmt":"2019-05-20T11:02:59","slug":"verbalitzar-correctament-els-noms-corresponents-a-les-imatges-30-cartes-15-imatges-doficis-repetits","status":"publish","type":"post","link":"https:\/\/serveiseducatius.xtec.cat\/credac-perebarnils\/materials\/verbalitzar-correctament-els-noms-corresponents-a-les-imatges-30-cartes-15-imatges-doficis-repetits\/","title":{"rendered":"3- Joc de mem\u00f2ria (o Memory) (Jocs de l\u00e8xic i expressi\u00f3)"},"content":{"rendered":"<table style=\"height: 186px;\">\n<tbody>\n<tr style=\"height: 31px;\">\n<td style=\"font-weight: bold; height: 31px; width: 155px;\">Nom:<\/td>\n<td id=\"nom\" style=\"height: 31px; width: 654px;\" colspan=\"3\">3- Joc de mem\u00f2ria (o Memory) (Jocs de l\u00e8xic i expressi\u00f3)<\/td>\n<\/tr>\n<tr style=\"height: 31px;\">\n<td style=\"font-weight: bold; height: 31px; width: 155px;\">Descripci\u00f3 breu:<\/td>\n<td id=\"descripciobreu\" style=\"height: 31px; width: 654px;\" colspan=\"3\">Verbalitzar correctament els noms corresponents a les imatges. 30 cartes (15 imatges d&#8217;oficis repetits)<\/td>\n<\/tr>\n<tr style=\"height: 31px;\">\n<td style=\"font-weight: bold; height: 31px; width: 155px;\">Indicat per treballar:<\/td>\n<td id=\"indicat\" style=\"height: 31px; width: 654px;\" colspan=\"3\">Expressi\u00f3 oral<\/td>\n<\/tr>\n<tr style=\"height: 31px;\">\n<td style=\"font-weight: bold; height: 31px; width: 155px;\">Format:<\/td>\n<td id=\"format\" style=\"height: 31px; width: 654px;\" colspan=\"3\">Material gr\u00e0fic<\/td>\n<\/tr>\n<tr style=\"height: 31px;\">\n<td style=\"font-weight: bold; height: 31px; width: 155px;\">Marca:<\/td>\n<td id=\"marca\" style=\"height: 31px; width: 654px;\" colspan=\"3\">Jocs de l\u00e8xic i expressi\u00f3, de Josep Ti\u00f3&#8230; [et al.]. Ed. L&#8217;\u00c0lber, 2006. ISBN 9788496248373<\/td>\n<\/tr>\n<tr style=\"height: 31px;\">\n<td style=\"font-weight: bold; height: 31px; width: 155px;\">Disponible:<\/td>\n<td id=\"disponible\" style=\"height: 31px; width: 88px;\">S\u00ed<\/td>\n<td style=\"font-weight: bold; height: 31px; width: 320px;\">Data de retorn:<\/td>\n<td id=\"dataretorn\" style=\"height: 31px; width: 242px;\"><\/td>\n<\/tr>\n<\/tbody>\n<\/table>\n<p><img loading=\"lazy\" decoding=\"async\" class=\"\" src=\"https:\/\/serveiseducatius.xtec.cat\/credac-perebarnils\/wp-content\/uploads\/usu1333\/2019\/02\/3-Joc-de-mem%C3%B2ria-MARIA-DEL-MAR-SISQUELLA-GANDIA-e1558350071231.jpg\" width=\"639\" height=\"479\" \/><\/p>\n","protected":false},"excerpt":{"rendered":"<p>Joc de mem\u00f2ria i verbalitzaci\u00f3 de noms d&#8217;oficis (mascul\u00ed i femen\u00ed)&hellip;  <a href=\"https:\/\/serveiseducatius.xtec.cat\/credac-perebarnils\/materials\/verbalitzar-correctament-els-noms-corresponents-a-les-imatges-30-cartes-15-imatges-doficis-repetits\/\" title=\"Read 3- Joc de mem\u00f2ria (o Memory) (Jocs de l\u00e8xic i expressi\u00f3)\">Llegeix m\u00e9s\u00bb<\/a><\/p>\n","protected":false},"author":1,"featured_media":14402,"comment_status":"open","ping_status":"closed","sticky":false,"template":"","format":"standard","meta":{"_bbp_topic_count":0,"_bbp_reply_count":0,"_bbp_total_topic_count":0,"_bbp_total_reply_count":0,"_bbp_voice_count":0,"_bbp_anonymous_reply_count":0,"_bbp_topic_count_hidden":0,"_bbp_reply_count_hidden":0,"_bbp_forum_subforum_count":0,"footnotes":""},"categories":[815,281],"tags":[861,948,1040,885],"class_list":["post-13018","post","type-post","status-publish","format-standard","has-post-thumbnail","hentry","category-expressio-oral","category-materials","tag-joc-de-cartes","tag-memoria-visual","tag-oficis","tag-vocabulari"],"post_mailing_queue_ids":[],"_links":{"self":[{"href":"https:\/\/serveiseducatius.xtec.cat\/credac-perebarnils\/wp-json\/wp\/v2\/posts\/13018","targetHints":{"allow":["GET"]}}],"collection":[{"href":"https:\/\/serveiseducatius.xtec.cat\/credac-perebarnils\/wp-json\/wp\/v2\/posts"}],"about":[{"href":"https:\/\/serveiseducatius.xtec.cat\/credac-perebarnils\/wp-json\/wp\/v2\/types\/post"}],"author":[{"embeddable":true,"href":"https:\/\/serveiseducatius.xtec.cat\/credac-perebarnils\/wp-json\/wp\/v2\/users\/1"}],"replies":[{"embeddable":true,"href":"https:\/\/serveiseducatius.xtec.cat\/credac-perebarnils\/wp-json\/wp\/v2\/comments?post=13018"}],"version-history":[{"count":3,"href":"https:\/\/serveiseducatius.xtec.cat\/credac-perebarnils\/wp-json\/wp\/v2\/posts\/13018\/revisions"}],"predecessor-version":[{"id":14401,"href":"https:\/\/serveiseducatius.xtec.cat\/credac-perebarnils\/wp-json\/wp\/v2\/posts\/13018\/revisions\/14401"}],"wp:featuredmedia":[{"embeddable":true,"href":"https:\/\/serveiseducatius.xtec.cat\/credac-perebarnils\/wp-json\/wp\/v2\/media\/14402"}],"wp:attachment":[{"href":"https:\/\/serveiseducatius.xtec.cat\/credac-perebarnils\/wp-json\/wp\/v2\/media?parent=13018"}],"wp:term":[{"taxonomy":"category","embeddable":true,"href":"https:\/\/serveiseducatius.xtec.cat\/credac-perebarnils\/wp-json\/wp\/v2\/categories?post=13018"},{"taxonomy":"post_tag","embeddable":true,"href":"https:\/\/serveiseducatius.xtec.cat\/credac-perebarnils\/wp-json\/wp\/v2\/tags?post=13018"}],"curies":[{"name":"wp","href":"https:\/\/api.w.org\/{rel}","templated":true}]}}