{"id":12943,"date":"2019-02-06T16:06:19","date_gmt":"2019-02-06T15:06:19","guid":{"rendered":"http:\/\/serveiseducatius.xtec.cat\/credac-perebarnils\/?p=12943"},"modified":"2019-05-20T12:28:49","modified_gmt":"2019-05-20T10:28:49","slug":"material-de-sequenciacio-temporal-amb-9-histories-36cartrons-de-16-x-12-cm-1-full-instruccions","status":"publish","type":"post","link":"https:\/\/serveiseducatius.xtec.cat\/credac-perebarnils\/materials\/material-de-sequenciacio-temporal-amb-9-histories-36cartrons-de-16-x-12-cm-1-full-instruccions\/","title":{"rendered":"Seq\u00fc\u00e8ncies temporals: educaci\u00f3 infantil 5 anys"},"content":{"rendered":"<table style=\"height: 189px;\">\n<tbody>\n<tr style=\"height: 31px;\">\n<td style=\"font-weight: bold; width: 155px; height: 31px;\">Nom:<\/td>\n<td id=\"nom\" style=\"width: 630px; height: 31px;\" colspan=\"3\">Seq\u00fc\u00e8ncies temporals: educaci\u00f3 infantil 5 anys<\/td>\n<\/tr>\n<tr style=\"height: 46px;\">\n<td style=\"font-weight: bold; width: 155px; height: 46px;\">Descripci\u00f3 breu:<\/td>\n<td id=\"descripciobreu\" style=\"width: 630px; height: 46px;\" colspan=\"3\">Material de seq\u00fcenciaci\u00f3 temporal amb 9 hist\u00f2ries. (36 cartrons de 16 x 12 cm) + 1 full instruccions.<\/td>\n<\/tr>\n<tr style=\"height: 31px;\">\n<td style=\"font-weight: bold; width: 155px; height: 31px;\">Indicat per treballar:<\/td>\n<td id=\"indicat\" style=\"width: 630px; height: 31px;\" colspan=\"3\">Expressi\u00f3 oral<\/td>\n<\/tr>\n<tr style=\"height: 31px;\">\n<td style=\"font-weight: bold; width: 155px; height: 31px;\">Format:<\/td>\n<td id=\"format\" style=\"width: 630px; height: 31px;\" colspan=\"3\">Joguina \/ Objecte 3D<\/td>\n<\/tr>\n<tr style=\"height: 19px;\">\n<td style=\"font-weight: bold; width: 155px; height: 19px;\">Marca:<\/td>\n<td id=\"marca\" style=\"width: 630px; height: 19px;\" colspan=\"3\">Ed. Vicens Vives, 2010. Col. Espiral. ISBN 978-84-316-9764-8<\/td>\n<\/tr>\n<tr style=\"height: 31px;\">\n<td style=\"font-weight: bold; width: 155px; height: 31px;\">Disponible:<\/td>\n<td id=\"disponible\" style=\"width: 85px; height: 31px;\">S\u00ed<\/td>\n<td style=\"font-weight: bold; width: 311px; height: 31px;\">Data de retorn:<\/td>\n<td id=\"dataretorn\" style=\"width: 234px; height: 31px;\"><\/td>\n<\/tr>\n<\/tbody>\n<\/table>\n<p><a href=\"https:\/\/serveiseducatius.xtec.cat\/credac-perebarnils\/wp-content\/uploads\/usu1333\/2019\/02\/sequencies-5-MARIA-DEL-MAR-SISQUELLA-GANDIA.jpg\"><img loading=\"lazy\" decoding=\"async\" class=\" wp-image-12944 alignleft\" src=\"https:\/\/serveiseducatius.xtec.cat\/credac-perebarnils\/wp-content\/uploads\/usu1333\/2019\/02\/sequencies-5-MARIA-DEL-MAR-SISQUELLA-GANDIA.jpg\" alt=\"\" width=\"409\" height=\"306\" srcset=\"https:\/\/serveiseducatius.xtec.cat\/credac-perebarnils\/wp-content\/uploads\/usu1333\/2019\/02\/sequencies-5-MARIA-DEL-MAR-SISQUELLA-GANDIA.jpg 227w, https:\/\/serveiseducatius.xtec.cat\/credac-perebarnils\/wp-content\/uploads\/usu1333\/2019\/02\/sequencies-5-MARIA-DEL-MAR-SISQUELLA-GANDIA-200x150.jpg 200w\" sizes=\"auto, (max-width: 409px) 100vw, 409px\" \/><\/a><\/p>\n","protected":false},"excerpt":{"rendered":"<p>Material de seq\u00fcenciaci\u00f3 temporal&hellip;  <a href=\"https:\/\/serveiseducatius.xtec.cat\/credac-perebarnils\/materials\/material-de-sequenciacio-temporal-amb-9-histories-36cartrons-de-16-x-12-cm-1-full-instruccions\/\" title=\"Read Seq\u00fc\u00e8ncies temporals: educaci\u00f3 infantil 5 anys\">Llegeix m\u00e9s\u00bb<\/a><\/p>\n","protected":false},"author":1,"featured_media":12944,"comment_status":"open","ping_status":"closed","sticky":false,"template":"","format":"standard","meta":{"_bbp_topic_count":0,"_bbp_reply_count":0,"_bbp_total_topic_count":0,"_bbp_total_reply_count":0,"_bbp_voice_count":0,"_bbp_anonymous_reply_count":0,"_bbp_topic_count_hidden":0,"_bbp_reply_count_hidden":0,"_bbp_forum_subforum_count":0,"footnotes":""},"categories":[815,281],"tags":[829],"class_list":["post-12943","post","type-post","status-publish","format-standard","has-post-thumbnail","hentry","category-expressio-oral","category-materials","tag-sequencies-temporals"],"post_mailing_queue_ids":[],"_links":{"self":[{"href":"https:\/\/serveiseducatius.xtec.cat\/credac-perebarnils\/wp-json\/wp\/v2\/posts\/12943","targetHints":{"allow":["GET"]}}],"collection":[{"href":"https:\/\/serveiseducatius.xtec.cat\/credac-perebarnils\/wp-json\/wp\/v2\/posts"}],"about":[{"href":"https:\/\/serveiseducatius.xtec.cat\/credac-perebarnils\/wp-json\/wp\/v2\/types\/post"}],"author":[{"embeddable":true,"href":"https:\/\/serveiseducatius.xtec.cat\/credac-perebarnils\/wp-json\/wp\/v2\/users\/1"}],"replies":[{"embeddable":true,"href":"https:\/\/serveiseducatius.xtec.cat\/credac-perebarnils\/wp-json\/wp\/v2\/comments?post=12943"}],"version-history":[{"count":3,"href":"https:\/\/serveiseducatius.xtec.cat\/credac-perebarnils\/wp-json\/wp\/v2\/posts\/12943\/revisions"}],"predecessor-version":[{"id":14398,"href":"https:\/\/serveiseducatius.xtec.cat\/credac-perebarnils\/wp-json\/wp\/v2\/posts\/12943\/revisions\/14398"}],"wp:featuredmedia":[{"embeddable":true,"href":"https:\/\/serveiseducatius.xtec.cat\/credac-perebarnils\/wp-json\/wp\/v2\/media\/12944"}],"wp:attachment":[{"href":"https:\/\/serveiseducatius.xtec.cat\/credac-perebarnils\/wp-json\/wp\/v2\/media?parent=12943"}],"wp:term":[{"taxonomy":"category","embeddable":true,"href":"https:\/\/serveiseducatius.xtec.cat\/credac-perebarnils\/wp-json\/wp\/v2\/categories?post=12943"},{"taxonomy":"post_tag","embeddable":true,"href":"https:\/\/serveiseducatius.xtec.cat\/credac-perebarnils\/wp-json\/wp\/v2\/tags?post=12943"}],"curies":[{"name":"wp","href":"https:\/\/api.w.org\/{rel}","templated":true}]}}